{"id":23420518,"date":"2024-07-23T09:03:34","date_gmt":"2024-07-23T07:03:34","guid":{"rendered":"https:\/\/die-mundgesundheitsstiftung.de\/?p=23420518"},"modified":"2024-08-19T08:11:10","modified_gmt":"2024-08-19T06:11:10","slug":"elf-neue-senatorinnen-und-senatoren-auf-schloss-bensberg-ernannt","status":"publish","type":"post","link":"https:\/\/die-mundgesundheitsstiftung.de\/en\/elf-neue-senatorinnen-und-senatoren-auf-schloss-bensberg-ernannt\/","title":{"rendered":"Gesundheitssenat ernennt neue Senatorinnen und Senatoren bei Mundgesundheitskongress auf Schloss Bensberg"},"content":{"rendered":"<p>[et_pb_section fb_built=&#8221;1&#8243; admin_label=&#8221;section&#8221; _builder_version=&#8221;4.16&#8243; global_colors_info=&#8221;{}&#8221; theme_builder_area=&#8221;post_content&#8221;][et_pb_row admin_label=&#8221;row&#8221; _builder_version=&#8221;4.24.3&#8243; background_size=&#8221;initial&#8221; background_position=&#8221;top_left&#8221; background_repeat=&#8221;repeat&#8221; global_colors_info=&#8221;{}&#8221; theme_builder_area=&#8221;post_content&#8221;][et_pb_column type=&#8221;4_4&#8243; _builder_version=&#8221;4.16&#8243; custom_padding=&#8221;|||&#8221; global_colors_info=&#8221;{}&#8221; custom_padding__hover=&#8221;|||&#8221; theme_builder_area=&#8221;post_content&#8221;][et_pb_text admin_label=&#8221;Text&#8221; _builder_version=&#8221;4.27.0&#8243; background_size=&#8221;initial&#8221; background_position=&#8221;top_left&#8221; background_repeat=&#8221;repeat&#8221; custom_margin=&#8221;|||0px|false|false&#8221; header_font_size_tablet=&#8221;&#8221; header_font_size_phone=&#8221;25px&#8221; header_font_size_last_edited=&#8221;on|phone&#8221; header_2_font_size_tablet=&#8221;&#8221; header_2_font_size_phone=&#8221;25px&#8221; header_2_font_size_last_edited=&#8221;on|phone&#8221; header_3_font_size_tablet=&#8221;&#8221; header_3_font_size_phone=&#8221;18px&#8221; header_3_font_size_last_edited=&#8221;on|phone&#8221; global_colors_info=&#8221;{}&#8221; theme_builder_area=&#8221;post_content&#8221;]<\/p>\n<div class=\"et_pb_module et_pb_text et_pb_text_0  et_pb_text_align_left et_pb_bg_layout_light\">\n<div class=\"et_pb_text_inner\">\n<h1><strong>Gesundheitssenat ernennt neue Senatorinnen und Senatoren <\/strong><\/h1>\n<h3>Gesundheitssenat setzt sich f\u00fcr Innovation und Pr\u00e4vention in der Zahnmedizin ein<\/h3>\n<p><strong>Solingen\/ Bensberg, 23.07.2024.<\/strong> \u2013 Der Gesundheitssenat in der Deutschen Mundgesundheitsstiftung (DMS) hat elf neue Senatorinnen und Senatoren ernannt. Bei den Senatoren handelt es sich um renommierte Expertinnen und Experten in der Zahnheilkunde und angrenzenden Gebieten. \u201eDie Senatoren tragen zur St\u00e4rkung des Gesundheitssenats bei und setzen sich f\u00fcr mehr Innovation und Pr\u00e4vention in der Zahnmedizin und orale Fitness von Patientinnen und Patienten ein\u201c, sagte Vorstandsvorsitzender Dirk-Rolf Gieselmann bei der feierlichen \u00dcbergabe der Ernennungsurkunden am 29.Juni 2024 auf Schloss Bensberg bei K\u00f6ln. Ob als Zahnarzt, Unternehmer, Wissenschaftler oder Berater, die frisch ernannten Senatorinnen und Senatoren brennen auf ihrem jeweiligen Gebiet f\u00fcr eine innovative Zahnmedizin, die pr\u00e4ventiv und pr\u00e4diktiv ist. \u201eImmer vor die Welle der Erkrankungen kommen, das ist unser Anliegen, zum Beispiel mit der Erforschung und Anwendung des Biomarkers aMMP-8\u201c, so Gieselmann. So sollen Zahnerkrankungen fr\u00fchzeitig erkannt und behandelt werden und damit auch schwere systemische Gesundheitssch\u00e4den vermieden werden.<\/p>\n<p>Wie hoch und aktuell das wissenschaftliche Niveau der Mundgesundheitsstiftung ist, zeigt auch die Verleihung des Young Scientist Award an das innovative Forschungsprojekt M.A.R.S. UC Louvain (Martian simulation program for researchers and students \u2013 Katholische Universit\u00e4t L\u00f6wen). Als Vertreter der diesj\u00e4hrigen Atlas Crew nahmen Romain Maddox (Physiker) und Alba Sanchez-Montalvo (Immunologin und Doktorandin) die Auszeichnung bei einer wissenschaftlichen Konferenz des Gesundheitssenats entgegen. \u201eWir haben dieses Forschungsprojekt ausgezeichnet, weil es eine gro\u00dfe Relevanz f\u00fcr die Zahngesundheit von Patientinnen und Patienten hat. Das Messverfahren f\u00fcr aMMP-8 kann Kollagenabbau an Z\u00e4hnen und Implantaten bis zu f\u00fcnf Jahre fr\u00fcher mit einer Genauigkeit von 94 Prozent vorhersagen\u201c, erkl\u00e4rte Prof. Dr. Dr. med. Andreas Pf\u00fctzner, Pr\u00e4sident der Deutschen Mundgesundheitsstiftung (DMS).\u00a0 Die aMMP-8-Messtechnologie sei bereits heute ein \u201eGamechanger\u201c f\u00fcr viele stressbelastete Menschen auf der Erde, da immer mehr Menschen unter stressbedingter Zahnlockerung und in der Folge Zahnverlust leiden.<\/p>\n<p>Die diesj\u00e4hrige M.A.R.S.-Simulation Study UC-Louvain erforschte die Auswirkung von Stress auf die Mundgesundheit von Astronauten. Hierbei wurden die Konzentrationen des Biomarkers aMMP-8 sowie Stressreaktionen w\u00e4hrend der simulierten 2-w\u00f6chigen Mars-Mission untersucht. Diese bahnbrechende Studie f\u00fcr Zahngesundheit im Weltraum fand im offiziellen Mars-Forschungszentrum Utah (USA) statt. Die Ergebnisse werden der Fachwelt in K\u00fcrze vorgestellt. Die Stiftung plant bereits zwei weitere Forschungsprojekte mit NASA und ESA zur oralen Fitness von Astronauten.<\/p>\n<p>Dabei sieht sich der Gesundheitssenat an der Seite der Stiftung Senat der Wirtschaft Deutschland\u00a0und kann hier Synergien in Stiftungsaktivit\u00e4ten entfalten und nutzen.\u00a0\u201eWir stehen gesellschaftlich, politisch und wirtschaftlich an einer Weiche f\u00fcr die Zukunft\u201c, sagte Dr. Christoph Br\u00fcssel Vorstandsvorsitzender Stiftung Senat der Wirtschaft und Vorstand Senat der Wirtschaft Deutschland e.V.\u00a0Er betonte wie wichtig gemeinwohlorientierte Impulse aus Wirtschaft und Wissenschaft in die Politik seien, um L\u00f6sungen f\u00fcr die aktuellen Herausforderungen zu entwickeln. Ebenso ist der Austausch der Pers\u00f6nlichkeiten aus Wirtschaft und Wissenschaft ein wesentlicher Wert bei der Bew\u00e4ltigung in dieser anspruchsvollen Zeit.<\/p>\n<p><strong>Die neuen Senatorinnen und Senatoren im Gesundheitssenat der DMS<\/strong><\/p>\n<p><strong><\/strong><a href=\"mailto:antje.kassel@mundgesundheitsstiftung.de\"><\/a><\/p>\n<\/div>\n<\/div>\n<p>[\/et_pb_text][et_pb_text admin_label=&#8221;Text&#8221; _builder_version=&#8221;4.27.0&#8243; background_size=&#8221;initial&#8221; background_position=&#8221;top_left&#8221; background_repeat=&#8221;repeat&#8221; custom_margin=&#8221;-44px|||0px|false|false&#8221; header_2_font_size_tablet=&#8221;&#8221; header_2_font_size_phone=&#8221;25px&#8221; header_2_font_size_last_edited=&#8221;on|phone&#8221; global_colors_info=&#8221;{}&#8221; theme_builder_area=&#8221;post_content&#8221;]<\/p>\n<ul>\n<li>Frau Kamala Boger, esentiXX+ GmbH<\/li>\n<li>Frau Dr. med. dent. Sabine Brackmann, Praxis im Georgshof<\/li>\n<li>Herr Prof. Dr. med. dent. Tilman Fritsch, NAM-ZahnHeilkunde<\/li>\n<li>Frau Dr. med. dent. Carmen-Veronika Gaebler-Wolfrum, Art &amp; Dentistry Zahnarztpraxis<\/li>\n<li>Herr ZA, Philipp Hertel, Zahnarztpraxis Hertel<\/li>\n<li>Herr MBA, Robert Huber, DDHT GmbH &amp; Co. KG &#8211; CaviTAU<\/li>\n<li>Herr Thomas Jaberg, MEDENTiKA<sup>\u00ae<\/sup> GmbH<\/li>\n<li>Herr Dr. Dr. (Phd-UCN) Johann Lechner, Praxisklinik f\u00fcr Ganzheitliche ZahnMedizin<\/li>\n<li>Herr Prof. Dr. Dr. Dr. MSc. mult. D.A.L.M. Rolf M\u00fcllejans, Stadtwald ZMVZ GmbH<\/li>\n<li>Herr Christian Ritzer, Anusan Medical GmbH<\/li>\n<li>Herr Mark Warnecke, AMSPORT GmbH<\/li>\n<\/ul>\n<p><strong><\/strong><a href=\"mailto:antje.kassel@mundgesundheitsstiftung.de\"><\/a><\/p>\n<p>[\/et_pb_text][et_pb_text admin_label=&#8221;Text&#8221; _builder_version=&#8221;4.27.0&#8243; background_size=&#8221;initial&#8221; background_position=&#8221;top_left&#8221; background_repeat=&#8221;repeat&#8221; custom_margin=&#8221;-23px|||0px|false|false&#8221; header_2_font_size_tablet=&#8221;&#8221; header_2_font_size_phone=&#8221;25px&#8221; header_2_font_size_last_edited=&#8221;on|phone&#8221; global_colors_info=&#8221;{}&#8221; theme_builder_area=&#8221;post_content&#8221;]<\/p>\n<div class=\"et_pb_module et_pb_text et_pb_text_0  et_pb_text_align_left et_pb_bg_layout_light\">\n<div class=\"et_pb_text_inner\">\n<p>Bereits 50 Senatorinnen und Senatoren engagieren sich im Gesundheitssenat der Deutschen Mundgesundheitsstiftung. Ziel sind 100 Expertinnen und Experten bis zum Jahresende. \u201eWir m\u00f6chten bis Jahresende 2024 gerne weitere 50 Senatorinnen und Senatoren in den Gesundheitssenat aufnehmen. Insofern freuen uns sehr \u00fcber neue Mitstreiterinnen und Mitstreiter unserer irdischen Mission\u201c, so Gieselmann.<br \/><strong><\/strong><a href=\"mailto:antje.kassel@mundgesundheitsstiftung.de\"><\/a><\/p>\n<\/div>\n<\/div>\n<p>[\/et_pb_text][dipi_carousel columns=&#8221;3&#8243; space_between=&#8221;31&#8243; loop_wide=&#8221;on&#8221; autoplay_wide=&#8221;on&#8221; pause_on_hover_wide=&#8221;on&#8221; loop_mid=&#8221;on&#8221; autoplay_mid=&#8221;on&#8221; pause_on_hover_mid=&#8221;on&#8221; loop_small=&#8221;on&#8221; autoplay_small=&#8221;on&#8221; pause_on_hover_small=&#8221;on&#8221; pagination=&#8221;on&#8221; pagination_color=&#8221;#fe5e15&#8243; pagination_active_color=&#8221;#fe5e15&#8243; columns_tablet=&#8221;2&#8243; columns_phone=&#8221;1&#8243; columns_last_edited=&#8221;on|phone&#8221; space_between_tablet=&#8221;31&#8243; space_between_phone=&#8221;31&#8243; space_between_last_edited=&#8221;on|tablet&#8221; _builder_version=&#8221;4.27.0&#8243; _module_preset=&#8221;default&#8221; custom_margin=&#8221;||75px||false|false&#8221; custom_margin_tablet=&#8221;||80px||false|false&#8221; custom_margin_phone=&#8221;-20px||60px||false|false&#8221; custom_margin_last_edited=&#8221;on|phone&#8221; hover_enabled=&#8221;0&#8243; global_colors_info=&#8221;{}&#8221; theme_builder_area=&#8221;post_content&#8221; sticky_enabled=&#8221;0&#8243;][dipi_carousel_child img_src=&#8221;https:\/\/die-mundgesundheitsstiftung.de\/media\/2024\/07\/Gesundheitssenatoren-Juni-2024.png&#8221; _builder_version=&#8221;4.27.0&#8243; _module_preset=&#8221;default&#8221; global_colors_info=&#8221;{}&#8221; theme_builder_area=&#8221;post_content&#8221;][\/dipi_carousel_child][dipi_carousel_child img_src=&#8221;https:\/\/die-mundgesundheitsstiftung.de\/media\/2024\/08\/Gesundheitssenatoren-Juni-2024-8.png&#8221; _builder_version=&#8221;4.27.0&#8243; _module_preset=&#8221;default&#8221; hover_enabled=&#8221;0&#8243; global_colors_info=&#8221;{}&#8221; theme_builder_area=&#8221;post_content&#8221; sticky_enabled=&#8221;0&#8243;][\/dipi_carousel_child][dipi_carousel_child img_src=&#8221;https:\/\/die-mundgesundheitsstiftung.de\/media\/2024\/07\/Gesundheitssenatoren-Juni-2024-2.png&#8221; _builder_version=&#8221;4.27.0&#8243; _module_preset=&#8221;default&#8221; hover_enabled=&#8221;0&#8243; global_colors_info=&#8221;{}&#8221; theme_builder_area=&#8221;post_content&#8221; sticky_enabled=&#8221;0&#8243;][\/dipi_carousel_child][dipi_carousel_child img_src=&#8221;https:\/\/die-mundgesundheitsstiftung.de\/media\/2024\/07\/Gesundheitssenatoren-Juni-2024-3.png&#8221; _builder_version=&#8221;4.27.0&#8243; _module_preset=&#8221;default&#8221; global_colors_info=&#8221;{}&#8221; theme_builder_area=&#8221;post_content&#8221;][\/dipi_carousel_child][dipi_carousel_child img_src=&#8221;https:\/\/die-mundgesundheitsstiftung.de\/media\/2024\/07\/Gesundheitssenatoren-Juni-2024-4.png&#8221; _builder_version=&#8221;4.27.0&#8243; _module_preset=&#8221;default&#8221; global_colors_info=&#8221;{}&#8221; theme_builder_area=&#8221;post_content&#8221;][\/dipi_carousel_child][dipi_carousel_child img_src=&#8221;https:\/\/die-mundgesundheitsstiftung.de\/media\/2024\/07\/Gesundheitssenatoren-Juni-2024-5.png&#8221; _builder_version=&#8221;4.27.0&#8243; _module_preset=&#8221;default&#8221; global_colors_info=&#8221;{}&#8221; theme_builder_area=&#8221;post_content&#8221;][\/dipi_carousel_child][dipi_carousel_child img_src=&#8221;https:\/\/die-mundgesundheitsstiftung.de\/media\/2024\/07\/Gesundheitssenatoren-Juni-2024-6.png&#8221; _builder_version=&#8221;4.27.0&#8243; _module_preset=&#8221;default&#8221; global_colors_info=&#8221;{}&#8221; theme_builder_area=&#8221;post_content&#8221;][\/dipi_carousel_child][dipi_carousel_child img_src=&#8221;https:\/\/die-mundgesundheitsstiftung.de\/media\/2024\/07\/Gesundheitssenatoren-Juni-2024-7.png&#8221; _builder_version=&#8221;4.27.0&#8243; _module_preset=&#8221;default&#8221; global_colors_info=&#8221;{}&#8221; theme_builder_area=&#8221;post_content&#8221;][\/dipi_carousel_child][\/dipi_carousel][et_pb_text admin_label=&#8221;Text&#8221; _builder_version=&#8221;4.27.0&#8243; background_size=&#8221;initial&#8221; background_position=&#8221;top_left&#8221; background_repeat=&#8221;repeat&#8221; custom_margin=&#8221;|||0px|false|false&#8221; header_2_font_size_tablet=&#8221;&#8221; header_2_font_size_phone=&#8221;25px&#8221; header_2_font_size_last_edited=&#8221;on|phone&#8221; global_colors_info=&#8221;{}&#8221; theme_builder_area=&#8221;post_content&#8221;]<\/p>\n<div class=\"et_pb_module et_pb_text et_pb_text_0  et_pb_text_align_left et_pb_bg_layout_light\">\n<div class=\"et_pb_text_inner\">\n<p><strong>\u00dcber die Deutsche Mundgesundheitsstiftung<\/strong><br \/>Die Deutsche Mundgesundheitsstiftung (DMS) engagiert sich seit 2009 international f\u00fcr die Erforschung sowie Verbesserung der Mundgesundheit. Die Experten der Stiftung begleiteten bereits mehr als 300 publizierte Studien zum Thema oral-systemische Gesundheit. Sie setzen sich weltweit f\u00fcr die St\u00e4rkung der interdisziplin\u00e4ren Zusammenarbeit ein. Mehr als 50 Senatorinnen und Senatoren, darunter der Mediziner und ehemalige Weltmeister im 100-Meter Brustschwimmen Mark Warnecke, sind im Gesundheitssenat der DMS f\u00fcr mehr Pr\u00e4vention und Gesundheit in der Zahnmedizin aktiv. Die Stiftung mit Sitz in Solingen kooperiert mit ihrem Gesundheitssenat ebenfalls mit dem Senat der Wirtschaft (Bonn).<\/p>\n<p><a href=\"mailto:antje.kassel@mundgesundheitsstiftung.de\"><\/a><\/p>\n<\/div>\n<\/div>\n<p>[\/et_pb_text][et_pb_text admin_label=&#8221;Text&#8221; _builder_version=&#8221;4.27.0&#8243; background_size=&#8221;initial&#8221; background_position=&#8221;top_left&#8221; background_repeat=&#8221;repeat&#8221; custom_margin=&#8221;|||0px|false|false&#8221; header_2_font_size_tablet=&#8221;&#8221; header_2_font_size_phone=&#8221;25px&#8221; header_2_font_size_last_edited=&#8221;on|phone&#8221; global_colors_info=&#8221;{}&#8221; theme_builder_area=&#8221;post_content&#8221;]<\/p>\n<div class=\"et_pb_module et_pb_text et_pb_text_0  et_pb_text_align_left et_pb_bg_layout_light\">\n<div class=\"et_pb_text_inner\">\n<p><strong style=\"font-size: 14px;\">Links<\/strong><br \/>Instagram: @marsuclouvain <a href=\"https:\/\/www.instagram.com\/marsuclouvain\/\">https:\/\/www.instagram.com\/marsuclouvain\/<\/a><br \/>Facebook: MARS UCLouvain <a href=\"https:\/\/www.facebook.com\/marsuclouvain\">https:\/\/www.facebook.com\/marsuclouvain<\/a><br \/>LinkedIn: MARS UCLouvain\u00a0<a href=\"https:\/\/www.linkedin.com\/company\/marsuclouvain\">https:\/\/www.linkedin.com\/company\/marsuclouvain<\/a><br \/><a href=\"https:\/\/marsuclouvain.be\">https:\/\/marsuclouvain.be<\/a><br \/><a href=\"https:\/\/marsuclouvain.be\/our-crews\/crew-atlas-2024\/\">Crew ATLAS (2024)<\/a><br \/><strong><\/strong><\/p>\n<p><strong><\/strong><\/p>\n<p><strong>Absender: <\/strong><br \/>Deutsche Mundgesundheitsstiftung (DMS)<br \/>Bonner Str. 84<br \/>42697 Solingen<\/p>\n<p><strong>Kontakt f\u00fcr Medienanfragen:<\/strong><br \/>Antje Kassel &#8211;\u00a0Dipl.-Journ.<br \/>Tel. 0211-3020751<br \/>mobil 0170-6100669<br \/>E-Mail: <a href=\"mailto:antje.kassel@mundgesundheitsstiftung.de\">antje.kassel@mundgesundheitsstiftung.de<\/a><\/p>\n<p>&nbsp;<\/p>\n<\/div>\n<\/div>\n<p>[\/et_pb_text][\/et_pb_column][\/et_pb_row][et_pb_row _builder_version=&#8221;4.24.3&#8243; _module_preset=&#8221;default&#8221; global_colors_info=&#8221;{}&#8221; theme_builder_area=&#8221;post_content&#8221;][et_pb_column type=&#8221;4_4&#8243; _builder_version=&#8221;4.24.3&#8243; _module_preset=&#8221;default&#8221; global_colors_info=&#8221;{}&#8221; theme_builder_area=&#8221;post_content&#8221;][et_pb_image src=&#8221;https:\/\/die-mundgesundheitsstiftung.de\/media\/2024\/07\/DMS-19.png&#8221; title_text=&#8221;DMS (19)&#8221; align=&#8221;center&#8221; _builder_version=&#8221;4.27.0&#8243; _module_preset=&#8221;default&#8221; max_width=&#8221;100%&#8221; global_colors_info=&#8221;{}&#8221; theme_builder_area=&#8221;post_content&#8221;][\/et_pb_image][\/et_pb_column][\/et_pb_row][\/et_pb_section]<\/p>\n","protected":false},"excerpt":{"rendered":"<p>Gesundheitssenat ernennt neue Senatorinnen und Senatoren Gesundheitssenat setzt sich f\u00fcr Innovation und Pr\u00e4vention in der Zahnmedizin ein Solingen\/ Bensberg, 23.07.2024. \u2013 Der Gesundheitssenat in der Deutschen Mundgesundheitsstiftung (DMS) hat elf neue Senatorinnen und Senatoren ernannt. Bei den Senatoren handelt es sich um renommierte Expertinnen und Experten in der Zahnheilkunde und angrenzenden Gebieten. \u201eDie Senatoren tragen [&hellip;]<\/p>\n","protected":false},"author":8,"featured_media":23420519,"comment_status":"open","ping_status":"open","sticky":false,"template":"","format":"standard","meta":{"_et_pb_use_builder":"on","_et_pb_old_content":"<!-- wp:paragraph -->\r\n<p>Lorem ipsum dolor sit amet, consectetur adipiscing elit. Aliquam dignissim iaculis sapien, in aliquet elit blandit id. Nam congue blandit odio ac sollicitudin. Ut nulla felis, ullamcorper ut nisi in, ultrices finibus eros. Vivamus gravida ullamcorper massa ut posuere. Curabitur faucibus, lacus vestibulum rhoncus viverra, nibh quam pellentesque ligula, eget lacinia quam ligula in eros. Proin eu lacinia massa, et maximus orci. Curabitur sed maximus sapien, eget venenatis leo. Mauris massa enim, aliquam id sem nec, dictum maximus diam. Nullam ipsum purus, lobortis a tincidunt vel, vulputate vel sem. Aliquam metus risus, cursus ac suscipit in, rhoncus blandit risus. Nullam vestibulum quis odio at ultrices. Sed eget aliquet nisi, ultrices vestibulum ligula. Nunc eros orci, vehicula in diam ac, pharetra viverra erat.<\/p>\r\n<!-- \/wp:paragraph -->\r\n\r\n<!-- wp:heading -->\r\n<h2>Curabitur faucibus lacus vestibulum rhoncus<\/h2>\r\n<!-- \/wp:heading -->\r\n\r\n<!-- wp:paragraph -->\r\n<p>Nam in pulvinar tortor, quis mattis ex. In eget nisi felis. In quis ultrices neque, mattis finibus arcu. Morbi nec tortor elementum, varius metus vel, venenatis quam. Mauris id justo at libero porta molestie sed et turpis. Mauris auctor neque augue, a ornare justo eleifend eget. Etiam ac rutrum diam, non eleifend felis. Proin euismod molestie finibus. Suspendisse imperdiet lorem eu varius luctus. Curabitur laoreet leo magna, vitae fermentum turpis tristique at. Morbi mattis maximus venenatis.<\/p>\r\n<!-- \/wp:paragraph -->\r\n\r\n<!-- wp:quote -->\r\n<blockquote class=\"wp-block-quote\"><p>Quisque nec tellus vel felis fringilla aliquet a eu leo. Etiam facilisis at risus placerat fringilla. Ut maximus cursus tortor, vitae malesuada turpis viverra in. Sed mollis sapien nec elit tempor, in pretium sem pharetra. Nam sollicitudin pulvinar sagittis. Praesent pellentesque sem quis tortor porttitor pellentesque. Sed convallis sagittis ex, eget lobortis libero blandit et. Proin ultrices malesuada quam ut varius.<\/p><\/blockquote>\r\n<!-- \/wp:quote -->\r\n\r\n<!-- wp:paragraph -->\r\n<p>Phasellus bibendum tempus viverra. Sed eget ligula elit. Phasellus sit amet mi consectetur neque pharetra facilisis non vel orci. Curabitur urna sapien, viverra ac maximus sed, cursus at turpis. Aliquam tempus, diam in maximus fringilla, nunc velit rhoncus mauris, at mattis ipsum justo malesuada lectus. Quisque porttitor efficitur ligula, ac sodales sapien semper laoreet. Maecenas et sollicitudin nisi. Suspendisse potenti. Sed quis ullamcorper sem. Sed placerat purus justo, ac luctus lorem cursus vitae. Aliquam commodo egestas nisl, non luctus leo bibendum imperdiet. Vestibulum ante ipsum primis in faucibus orci luctus et ultrices posuere cubilia curae.<\/p>\r\n<!-- \/wp:paragraph -->\r\n\r\n<!-- wp:heading -->\r\n<h2>Lorem ipsum dolor sit amet.<\/h2>\r\n<!-- \/wp:heading -->\r\n\r\n<!-- wp:list -->\r\n<ul><li>Etiam interdum sapien ac lorem eleifend finibus. In elit risus,<\/li><li>Feugiat ultrices diam cursus, laoreet ultricies lectus. Etiam ultrices metus risus,<\/li><li>A hendrerit mi finibus quis. Pellentesque vel velit est,<\/li><li>Suspendisse varius odio nec dui rhoncus, quis mattis tortor egestas.<\/li><li>Vivamus hendrerit dui non malesuada fermentum.<\/li><li>Sed elementum varius metus ut facilisis. Ut consectetur volutpat facilisis.<\/li><li>Curabitur placerat felis a magna scelerisque aliquet.<\/li><li>Ut sit amet mauris vulputate, consequat quam id, accumsan massa.<\/li><\/ul>\r\n<!-- \/wp:list -->\r\n\r\n<!-- wp:paragraph -->\r\n<p>Nunc vestibulum felis eget erat tincidunt laoreet. Nunc eu dui id nunc ullamcorper posuere in nec dolor. Curabitur quis justo ac nisl varius sollicitudin. Nunc finibus, ex non varius lobortis, justo augue imperdiet risus, vitae sollicitudin diam purus in nibh. Cras at ullamcorper magna. Maecenas bibendum fringilla tellus, et blandit nisi imperdiet vulputate. Etiam in mi malesuada, bibendum ipsum eget, elementum libero. Mauris pellentesque orci nisi, ac imperdiet velit commodo a. Aenean tempor justo eget lorem consequat, a lobortis diam condimentum. Cras scelerisque orci at neque porta vulputate. Vestibulum fringilla urna a justo pretium, quis convallis lacus commodo. Integer et libero sed neque dapibus sagittis non vitae augue. Nam varius, magna efficitur rhoncus rutrum, tortor augue eleifend sem, in dictum lorem massa et eros.<\/p>\r\n<!-- \/wp:paragraph -->","_et_gb_content_width":"","footnotes":""},"categories":[76],"tags":[],"dipi_cpt_category":[],"class_list":["post-23420518","post","type-post","status-publish","format-standard","has-post-thumbnail","hentry","category-news-neu"],"yoast_head":"<!-- This site is optimized with the Yoast SEO plugin v27.4 - https:\/\/yoast.com\/product\/yoast-seo-wordpress\/ -->\n<title>Gesundheitssenat ernennt neue Senatorinnen und Senatoren bei Mundgesundheitskongress auf Schloss Bensberg - DMS Deutsche Mundgesundheitsstiftung<\/title>\n<meta name=\"description\" content=\"Gesundheitssenat setzt sich f\u00fcr Innovation und Pr\u00e4vention in der Zahnmedizin ein.\" \/>\n<meta name=\"robots\" content=\"index, follow, max-snippet:-1, max-image-preview:large, max-video-preview:-1\" \/>\n<link rel=\"canonical\" href=\"https:\/\/die-mundgesundheitsstiftung.de\/en\/elf-neue-senatorinnen-und-senatoren-auf-schloss-bensberg-ernannt\/\" \/>\n<meta property=\"og:locale\" content=\"en_US\" \/>\n<meta property=\"og:type\" content=\"article\" \/>\n<meta property=\"og:title\" content=\"Gesundheitssenat ernennt neue Senatorinnen und Senatoren bei Mundgesundheitskongress auf Schloss Bensberg - DMS Deutsche Mundgesundheitsstiftung\" \/>\n<meta property=\"og:description\" content=\"Gesundheitssenat setzt sich f\u00fcr Innovation und Pr\u00e4vention in der Zahnmedizin ein.\" \/>\n<meta property=\"og:url\" content=\"https:\/\/die-mundgesundheitsstiftung.de\/en\/elf-neue-senatorinnen-und-senatoren-auf-schloss-bensberg-ernannt\/\" \/>\n<meta property=\"og:site_name\" content=\"DMS Deutsche Mundgesundheitsstiftung\" \/>\n<meta property=\"article:published_time\" content=\"2024-07-23T07:03:34+00:00\" \/>\n<meta property=\"article:modified_time\" content=\"2024-08-19T06:11:10+00:00\" \/>\n<meta property=\"og:image\" content=\"https:\/\/die-mundgesundheitsstiftung.de\/media\/2024\/07\/Acht-neue-Senatorinnen-und-Senatoren-ernannt-1024x320.png\" \/>\n\t<meta property=\"og:image:width\" content=\"1024\" \/>\n\t<meta property=\"og:image:height\" content=\"320\" \/>\n\t<meta property=\"og:image:type\" content=\"image\/png\" \/>\n<meta name=\"author\" content=\"Jana\" \/>\n<meta name=\"twitter:card\" content=\"summary_large_image\" \/>\n<meta name=\"twitter:label1\" content=\"Written by\" \/>\n\t<meta name=\"twitter:data1\" content=\"Jana\" \/>\n\t<meta name=\"twitter:label2\" content=\"Est. reading time\" \/>\n\t<meta name=\"twitter:data2\" content=\"6 minutes\" \/>\n<script type=\"application\/ld+json\" class=\"yoast-schema-graph\">{\"@context\":\"https:\\\/\\\/schema.org\",\"@graph\":[{\"@type\":\"Article\",\"@id\":\"https:\\\/\\\/die-mundgesundheitsstiftung.de\\\/elf-neue-senatorinnen-und-senatoren-auf-schloss-bensberg-ernannt\\\/#article\",\"isPartOf\":{\"@id\":\"https:\\\/\\\/die-mundgesundheitsstiftung.de\\\/elf-neue-senatorinnen-und-senatoren-auf-schloss-bensberg-ernannt\\\/\"},\"author\":{\"name\":\"Jana\",\"@id\":\"https:\\\/\\\/die-mundgesundheitsstiftung.de\\\/#\\\/schema\\\/person\\\/533a101410f251a109921a1e084b568d\"},\"headline\":\"Gesundheitssenat ernennt neue Senatorinnen und Senatoren bei Mundgesundheitskongress auf Schloss Bensberg\",\"datePublished\":\"2024-07-23T07:03:34+00:00\",\"dateModified\":\"2024-08-19T06:11:10+00:00\",\"mainEntityOfPage\":{\"@id\":\"https:\\\/\\\/die-mundgesundheitsstiftung.de\\\/elf-neue-senatorinnen-und-senatoren-auf-schloss-bensberg-ernannt\\\/\"},\"wordCount\":1601,\"commentCount\":0,\"image\":{\"@id\":\"https:\\\/\\\/die-mundgesundheitsstiftung.de\\\/elf-neue-senatorinnen-und-senatoren-auf-schloss-bensberg-ernannt\\\/#primaryimage\"},\"thumbnailUrl\":\"https:\\\/\\\/die-mundgesundheitsstiftung.de\\\/wp-content\\\/uploads\\\/2024\\\/07\\\/Acht-neue-Senatorinnen-und-Senatoren-ernannt.png\",\"articleSection\":[\"News neu\"],\"inLanguage\":\"en-US\",\"potentialAction\":[{\"@type\":\"CommentAction\",\"name\":\"Comment\",\"target\":[\"https:\\\/\\\/die-mundgesundheitsstiftung.de\\\/elf-neue-senatorinnen-und-senatoren-auf-schloss-bensberg-ernannt\\\/#respond\"]}]},{\"@type\":\"WebPage\",\"@id\":\"https:\\\/\\\/die-mundgesundheitsstiftung.de\\\/elf-neue-senatorinnen-und-senatoren-auf-schloss-bensberg-ernannt\\\/\",\"url\":\"https:\\\/\\\/die-mundgesundheitsstiftung.de\\\/elf-neue-senatorinnen-und-senatoren-auf-schloss-bensberg-ernannt\\\/\",\"name\":\"Gesundheitssenat ernennt neue Senatorinnen und Senatoren bei Mundgesundheitskongress auf Schloss Bensberg - DMS Deutsche Mundgesundheitsstiftung\",\"isPartOf\":{\"@id\":\"https:\\\/\\\/die-mundgesundheitsstiftung.de\\\/#website\"},\"primaryImageOfPage\":{\"@id\":\"https:\\\/\\\/die-mundgesundheitsstiftung.de\\\/elf-neue-senatorinnen-und-senatoren-auf-schloss-bensberg-ernannt\\\/#primaryimage\"},\"image\":{\"@id\":\"https:\\\/\\\/die-mundgesundheitsstiftung.de\\\/elf-neue-senatorinnen-und-senatoren-auf-schloss-bensberg-ernannt\\\/#primaryimage\"},\"thumbnailUrl\":\"https:\\\/\\\/die-mundgesundheitsstiftung.de\\\/wp-content\\\/uploads\\\/2024\\\/07\\\/Acht-neue-Senatorinnen-und-Senatoren-ernannt.png\",\"datePublished\":\"2024-07-23T07:03:34+00:00\",\"dateModified\":\"2024-08-19T06:11:10+00:00\",\"author\":{\"@id\":\"https:\\\/\\\/die-mundgesundheitsstiftung.de\\\/#\\\/schema\\\/person\\\/533a101410f251a109921a1e084b568d\"},\"description\":\"Gesundheitssenat setzt sich f\u00fcr Innovation und Pr\u00e4vention in der Zahnmedizin ein.\",\"breadcrumb\":{\"@id\":\"https:\\\/\\\/die-mundgesundheitsstiftung.de\\\/elf-neue-senatorinnen-und-senatoren-auf-schloss-bensberg-ernannt\\\/#breadcrumb\"},\"inLanguage\":\"en-US\",\"potentialAction\":[{\"@type\":\"ReadAction\",\"target\":[\"https:\\\/\\\/die-mundgesundheitsstiftung.de\\\/elf-neue-senatorinnen-und-senatoren-auf-schloss-bensberg-ernannt\\\/\"]}]},{\"@type\":\"ImageObject\",\"inLanguage\":\"en-US\",\"@id\":\"https:\\\/\\\/die-mundgesundheitsstiftung.de\\\/elf-neue-senatorinnen-und-senatoren-auf-schloss-bensberg-ernannt\\\/#primaryimage\",\"url\":\"https:\\\/\\\/die-mundgesundheitsstiftung.de\\\/wp-content\\\/uploads\\\/2024\\\/07\\\/Acht-neue-Senatorinnen-und-Senatoren-ernannt.png\",\"contentUrl\":\"https:\\\/\\\/die-mundgesundheitsstiftung.de\\\/wp-content\\\/uploads\\\/2024\\\/07\\\/Acht-neue-Senatorinnen-und-Senatoren-ernannt.png\",\"width\":1920,\"height\":600},{\"@type\":\"BreadcrumbList\",\"@id\":\"https:\\\/\\\/die-mundgesundheitsstiftung.de\\\/elf-neue-senatorinnen-und-senatoren-auf-schloss-bensberg-ernannt\\\/#breadcrumb\",\"itemListElement\":[{\"@type\":\"ListItem\",\"position\":1,\"name\":\"Startseite\",\"item\":\"https:\\\/\\\/die-mundgesundheitsstiftung.de\\\/\"},{\"@type\":\"ListItem\",\"position\":2,\"name\":\"Gesundheitssenat ernennt neue Senatorinnen und Senatoren bei Mundgesundheitskongress auf Schloss Bensberg\"}]},{\"@type\":\"WebSite\",\"@id\":\"https:\\\/\\\/die-mundgesundheitsstiftung.de\\\/#website\",\"url\":\"https:\\\/\\\/die-mundgesundheitsstiftung.de\\\/\",\"name\":\"DMS Deutsche Mundgesundheitsstiftung\",\"description\":\"DMS Deutsche Mundgesundheitsstiftung\",\"potentialAction\":[{\"@type\":\"SearchAction\",\"target\":{\"@type\":\"EntryPoint\",\"urlTemplate\":\"https:\\\/\\\/die-mundgesundheitsstiftung.de\\\/?s={search_term_string}\"},\"query-input\":{\"@type\":\"PropertyValueSpecification\",\"valueRequired\":true,\"valueName\":\"search_term_string\"}}],\"inLanguage\":\"en-US\"},{\"@type\":\"Person\",\"@id\":\"https:\\\/\\\/die-mundgesundheitsstiftung.de\\\/#\\\/schema\\\/person\\\/533a101410f251a109921a1e084b568d\",\"name\":\"Jana\",\"image\":{\"@type\":\"ImageObject\",\"inLanguage\":\"en-US\",\"@id\":\"https:\\\/\\\/secure.gravatar.com\\\/avatar\\\/0c7d29688679a178fda1a37eb1a162f90301f47bdf086fdf3035aaf74488da45?s=96&d=mm&r=g\",\"url\":\"https:\\\/\\\/secure.gravatar.com\\\/avatar\\\/0c7d29688679a178fda1a37eb1a162f90301f47bdf086fdf3035aaf74488da45?s=96&d=mm&r=g\",\"contentUrl\":\"https:\\\/\\\/secure.gravatar.com\\\/avatar\\\/0c7d29688679a178fda1a37eb1a162f90301f47bdf086fdf3035aaf74488da45?s=96&d=mm&r=g\",\"caption\":\"Jana\"},\"url\":\"https:\\\/\\\/die-mundgesundheitsstiftung.de\\\/en\\\/author\\\/jana\\\/\"}]}<\/script>\n<!-- \/ Yoast SEO plugin. -->","yoast_head_json":{"title":"Gesundheitssenat ernennt neue Senatorinnen und Senatoren bei Mundgesundheitskongress auf Schloss Bensberg - DMS Deutsche Mundgesundheitsstiftung","description":"Gesundheitssenat setzt sich f\u00fcr Innovation und Pr\u00e4vention in der Zahnmedizin ein.","robots":{"index":"index","follow":"follow","max-snippet":"max-snippet:-1","max-image-preview":"max-image-preview:large","max-video-preview":"max-video-preview:-1"},"canonical":"https:\/\/die-mundgesundheitsstiftung.de\/en\/elf-neue-senatorinnen-und-senatoren-auf-schloss-bensberg-ernannt\/","og_locale":"en_US","og_type":"article","og_title":"Gesundheitssenat ernennt neue Senatorinnen und Senatoren bei Mundgesundheitskongress auf Schloss Bensberg - DMS Deutsche Mundgesundheitsstiftung","og_description":"Gesundheitssenat setzt sich f\u00fcr Innovation und Pr\u00e4vention in der Zahnmedizin ein.","og_url":"https:\/\/die-mundgesundheitsstiftung.de\/en\/elf-neue-senatorinnen-und-senatoren-auf-schloss-bensberg-ernannt\/","og_site_name":"DMS Deutsche Mundgesundheitsstiftung","article_published_time":"2024-07-23T07:03:34+00:00","article_modified_time":"2024-08-19T06:11:10+00:00","og_image":[{"width":1024,"height":320,"url":"https:\/\/die-mundgesundheitsstiftung.de\/media\/2024\/07\/Acht-neue-Senatorinnen-und-Senatoren-ernannt-1024x320.png","type":"image\/png"}],"author":"Jana","twitter_card":"summary_large_image","twitter_misc":{"Written by":"Jana","Est. reading time":"6 minutes"},"schema":{"@context":"https:\/\/schema.org","@graph":[{"@type":"Article","@id":"https:\/\/die-mundgesundheitsstiftung.de\/elf-neue-senatorinnen-und-senatoren-auf-schloss-bensberg-ernannt\/#article","isPartOf":{"@id":"https:\/\/die-mundgesundheitsstiftung.de\/elf-neue-senatorinnen-und-senatoren-auf-schloss-bensberg-ernannt\/"},"author":{"name":"Jana","@id":"https:\/\/die-mundgesundheitsstiftung.de\/#\/schema\/person\/533a101410f251a109921a1e084b568d"},"headline":"Gesundheitssenat ernennt neue Senatorinnen und Senatoren bei Mundgesundheitskongress auf Schloss Bensberg","datePublished":"2024-07-23T07:03:34+00:00","dateModified":"2024-08-19T06:11:10+00:00","mainEntityOfPage":{"@id":"https:\/\/die-mundgesundheitsstiftung.de\/elf-neue-senatorinnen-und-senatoren-auf-schloss-bensberg-ernannt\/"},"wordCount":1601,"commentCount":0,"image":{"@id":"https:\/\/die-mundgesundheitsstiftung.de\/elf-neue-senatorinnen-und-senatoren-auf-schloss-bensberg-ernannt\/#primaryimage"},"thumbnailUrl":"https:\/\/die-mundgesundheitsstiftung.de\/media\/2024\/07\/Acht-neue-Senatorinnen-und-Senatoren-ernannt.png","articleSection":["News neu"],"inLanguage":"en-US","potentialAction":[{"@type":"CommentAction","name":"Comment","target":["https:\/\/die-mundgesundheitsstiftung.de\/elf-neue-senatorinnen-und-senatoren-auf-schloss-bensberg-ernannt\/#respond"]}]},{"@type":"WebPage","@id":"https:\/\/die-mundgesundheitsstiftung.de\/elf-neue-senatorinnen-und-senatoren-auf-schloss-bensberg-ernannt\/","url":"https:\/\/die-mundgesundheitsstiftung.de\/elf-neue-senatorinnen-und-senatoren-auf-schloss-bensberg-ernannt\/","name":"Gesundheitssenat ernennt neue Senatorinnen und Senatoren bei Mundgesundheitskongress auf Schloss Bensberg - DMS Deutsche Mundgesundheitsstiftung","isPartOf":{"@id":"https:\/\/die-mundgesundheitsstiftung.de\/#website"},"primaryImageOfPage":{"@id":"https:\/\/die-mundgesundheitsstiftung.de\/elf-neue-senatorinnen-und-senatoren-auf-schloss-bensberg-ernannt\/#primaryimage"},"image":{"@id":"https:\/\/die-mundgesundheitsstiftung.de\/elf-neue-senatorinnen-und-senatoren-auf-schloss-bensberg-ernannt\/#primaryimage"},"thumbnailUrl":"https:\/\/die-mundgesundheitsstiftung.de\/media\/2024\/07\/Acht-neue-Senatorinnen-und-Senatoren-ernannt.png","datePublished":"2024-07-23T07:03:34+00:00","dateModified":"2024-08-19T06:11:10+00:00","author":{"@id":"https:\/\/die-mundgesundheitsstiftung.de\/#\/schema\/person\/533a101410f251a109921a1e084b568d"},"description":"Gesundheitssenat setzt sich f\u00fcr Innovation und Pr\u00e4vention in der Zahnmedizin ein.","breadcrumb":{"@id":"https:\/\/die-mundgesundheitsstiftung.de\/elf-neue-senatorinnen-und-senatoren-auf-schloss-bensberg-ernannt\/#breadcrumb"},"inLanguage":"en-US","potentialAction":[{"@type":"ReadAction","target":["https:\/\/die-mundgesundheitsstiftung.de\/elf-neue-senatorinnen-und-senatoren-auf-schloss-bensberg-ernannt\/"]}]},{"@type":"ImageObject","inLanguage":"en-US","@id":"https:\/\/die-mundgesundheitsstiftung.de\/elf-neue-senatorinnen-und-senatoren-auf-schloss-bensberg-ernannt\/#primaryimage","url":"https:\/\/die-mundgesundheitsstiftung.de\/media\/2024\/07\/Acht-neue-Senatorinnen-und-Senatoren-ernannt.png","contentUrl":"https:\/\/die-mundgesundheitsstiftung.de\/media\/2024\/07\/Acht-neue-Senatorinnen-und-Senatoren-ernannt.png","width":1920,"height":600},{"@type":"BreadcrumbList","@id":"https:\/\/die-mundgesundheitsstiftung.de\/elf-neue-senatorinnen-und-senatoren-auf-schloss-bensberg-ernannt\/#breadcrumb","itemListElement":[{"@type":"ListItem","position":1,"name":"Startseite","item":"https:\/\/die-mundgesundheitsstiftung.de\/"},{"@type":"ListItem","position":2,"name":"Gesundheitssenat ernennt neue Senatorinnen und Senatoren bei Mundgesundheitskongress auf Schloss Bensberg"}]},{"@type":"WebSite","@id":"https:\/\/die-mundgesundheitsstiftung.de\/#website","url":"https:\/\/die-mundgesundheitsstiftung.de\/","name":"DMS Deutsche Mundgesundheitsstiftung","description":"DMS Deutsche Mundgesundheitsstiftung","potentialAction":[{"@type":"SearchAction","target":{"@type":"EntryPoint","urlTemplate":"https:\/\/die-mundgesundheitsstiftung.de\/?s={search_term_string}"},"query-input":{"@type":"PropertyValueSpecification","valueRequired":true,"valueName":"search_term_string"}}],"inLanguage":"en-US"},{"@type":"Person","@id":"https:\/\/die-mundgesundheitsstiftung.de\/#\/schema\/person\/533a101410f251a109921a1e084b568d","name":"Jana","image":{"@type":"ImageObject","inLanguage":"en-US","@id":"https:\/\/secure.gravatar.com\/avatar\/0c7d29688679a178fda1a37eb1a162f90301f47bdf086fdf3035aaf74488da45?s=96&d=mm&r=g","url":"https:\/\/secure.gravatar.com\/avatar\/0c7d29688679a178fda1a37eb1a162f90301f47bdf086fdf3035aaf74488da45?s=96&d=mm&r=g","contentUrl":"https:\/\/secure.gravatar.com\/avatar\/0c7d29688679a178fda1a37eb1a162f90301f47bdf086fdf3035aaf74488da45?s=96&d=mm&r=g","caption":"Jana"},"url":"https:\/\/die-mundgesundheitsstiftung.de\/en\/author\/jana\/"}]}},"_links":{"self":[{"href":"https:\/\/die-mundgesundheitsstiftung.de\/en\/wp-json\/wp\/v2\/posts\/23420518","targetHints":{"allow":["GET"]}}],"collection":[{"href":"https:\/\/die-mundgesundheitsstiftung.de\/en\/wp-json\/wp\/v2\/posts"}],"about":[{"href":"https:\/\/die-mundgesundheitsstiftung.de\/en\/wp-json\/wp\/v2\/types\/post"}],"author":[{"embeddable":true,"href":"https:\/\/die-mundgesundheitsstiftung.de\/en\/wp-json\/wp\/v2\/users\/8"}],"replies":[{"embeddable":true,"href":"https:\/\/die-mundgesundheitsstiftung.de\/en\/wp-json\/wp\/v2\/comments?post=23420518"}],"version-history":[{"count":68,"href":"https:\/\/die-mundgesundheitsstiftung.de\/en\/wp-json\/wp\/v2\/posts\/23420518\/revisions"}],"predecessor-version":[{"id":23420742,"href":"https:\/\/die-mundgesundheitsstiftung.de\/en\/wp-json\/wp\/v2\/posts\/23420518\/revisions\/23420742"}],"wp:featuredmedia":[{"embeddable":true,"href":"https:\/\/die-mundgesundheitsstiftung.de\/en\/wp-json\/wp\/v2\/media\/23420519"}],"wp:attachment":[{"href":"https:\/\/die-mundgesundheitsstiftung.de\/en\/wp-json\/wp\/v2\/media?parent=23420518"}],"wp:term":[{"taxonomy":"category","embeddable":true,"href":"https:\/\/die-mundgesundheitsstiftung.de\/en\/wp-json\/wp\/v2\/categories?post=23420518"},{"taxonomy":"post_tag","embeddable":true,"href":"https:\/\/die-mundgesundheitsstiftung.de\/en\/wp-json\/wp\/v2\/tags?post=23420518"},{"taxonomy":"dipi_cpt_category","embeddable":true,"href":"https:\/\/die-mundgesundheitsstiftung.de\/en\/wp-json\/wp\/v2\/dipi_cpt_category?post=23420518"}],"curies":[{"name":"wp","href":"https:\/\/api.w.org\/{rel}","templated":true}]}}