{"id":27004496,"date":"2024-11-22T12:37:00","date_gmt":"2024-11-22T10:37:00","guid":{"rendered":"https:\/\/die-mundgesundheitsstiftung.de\/?p=27004496"},"modified":"2025-07-15T11:24:50","modified_gmt":"2025-07-15T09:24:50","slug":"arbeitsfruehstueck-des-gesundheitssenats-rueckblick-2024-ausblick-2025","status":"publish","type":"post","link":"https:\/\/die-mundgesundheitsstiftung.de\/en\/arbeitsfruehstueck-des-gesundheitssenats-rueckblick-2024-ausblick-2025\/","title":{"rendered":"Arbeitsfr\u00fchst\u00fcck des Gesundheitssenats: R\u00fcckblick 2024 &amp; Ausblick 2025"},"content":{"rendered":"<p>[et_pb_section fb_built=&#8221;1&#8243; admin_label=&#8221;section&#8221; _builder_version=&#8221;4.16&#8243; global_colors_info=&#8221;{}&#8221; theme_builder_area=&#8221;post_content&#8221;][et_pb_row admin_label=&#8221;row&#8221; _builder_version=&#8221;4.24.3&#8243; background_size=&#8221;initial&#8221; background_position=&#8221;top_left&#8221; background_repeat=&#8221;repeat&#8221; global_colors_info=&#8221;{}&#8221; theme_builder_area=&#8221;post_content&#8221;][et_pb_column type=&#8221;4_4&#8243; _builder_version=&#8221;4.16&#8243; custom_padding=&#8221;|||&#8221; global_colors_info=&#8221;{}&#8221; custom_padding__hover=&#8221;|||&#8221; theme_builder_area=&#8221;post_content&#8221;][et_pb_text admin_label=&#8221;Text&#8221; _builder_version=&#8221;4.27.4&#8243; background_size=&#8221;initial&#8221; background_position=&#8221;top_left&#8221; background_repeat=&#8221;repeat&#8221; custom_margin=&#8221;|||0px|false|false&#8221; header_font_size_tablet=&#8221;&#8221; header_font_size_phone=&#8221;25px&#8221; header_font_size_last_edited=&#8221;on|phone&#8221; header_2_font_size_tablet=&#8221;&#8221; header_2_font_size_phone=&#8221;25px&#8221; header_2_font_size_last_edited=&#8221;on|phone&#8221; global_colors_info=&#8221;{}&#8221; theme_builder_area=&#8221;post_content&#8221;]<\/p>\n<div class=\"et_pb_module et_pb_text et_pb_text_0  et_pb_text_align_left et_pb_bg_layout_light\">\n<div class=\"et_pb_text_inner\">\n<h1><strong>Arbeitsfr\u00fchst\u00fcck des Gesundheitssenats: R\u00fcckblick 2024 &amp; Ausblick 2025<\/strong><\/h1>\n<p><strong><br \/>Solingen\/D\u00fcsseldorf, 22.11.2024.<\/strong> \u2013 Im Vorfeld der \u201eMasterclass 2024\u201c in D\u00fcsseldorf haben sich die Senatoren des Gesundheitssenats ein letztes Mal in diesem Kalenderjahr pers\u00f6nlich zu einem Arbeitsfr\u00fchst\u00fcck getroffen.<\/p>\n<p>Im Mittelpunkt standen dabei ein R\u00fcckblick auf das vergangene Jahr, Updates aus den verschiedenen Arbeitsgruppen sowie ein Ausblick auf die geplanten Aktivit\u00e4ten f\u00fcr 2025.<\/p>\n<p><strong>Interdisziplin\u00e4re Zusammenarbeit f\u00fcr mehr orale Gesundheit<br \/><\/strong>Der Gesundheitssenat setzt sich gezielt f\u00fcr die St\u00e4rkung der Pr\u00e4ventionstherapien in der (Zahn-)Medizin und die F\u00f6rderung der oralen Fitness von Patienten ein. In derzeit f\u00fcnf verschiedenen Arbeitsgruppen arbeiten die Mitglieder kontinuierlich daran, ein kollektives Bewusstsein f\u00fcr die Zusammenh\u00e4nge zwischen oraler und systemischer Gesundheit in der medizinischen Fachwelt zu schaffen \u2013 und das interdisziplin\u00e4r.<\/p>\n<p><strong>Launch der \u201ePrevention Hero\u201c-Kampagne<br \/><\/strong>Ein besonderer H\u00f6hepunkt des Treffens war die Vorstellung und der offizielle Launch der \u201ePrevention Hero\u201c-Kampagne in D\u00fcsseldorf. Die Kampagne hebt die Bedeutung der Dentalhygiene und des Patienten-Empowerments hervor. Sie zielt darauf ab, die positive Wahrnehmung der personalisierten oralen Pr\u00e4vention als essenziellen Baustein der systemischen Gesundheit zu steigern.<\/p>\n<p>Im Mittelpunkt steht hierbei das pr\u00e4diktive Speichelscreening als Innovationsvorteil. Hiermit k\u00f6nnen Fr\u00fcherkennung und bedarfsgerechte Therapiema\u00dfnahmen gezielt eingesetzt werden, um die Gesundheit der Patienten langfristig zu erhalten. Die Kampagne verkn\u00fcpft dabei die Erkenntnisse der Longevity-Forschung mit moderner oraler Medizin und Dentalhygiene 2.0.<\/p>\n<p>Mehr zur Kampagne erfahren Sie hier:<br \/><a href=\"https:\/\/prevention-heroes.de\/\">https:\/\/prevention-heroes.de\/<\/a><\/p>\n<p><strong>Wachstum und digitale Innovationen f\u00fcr 2025<br \/><\/strong>Das Jahr 2024 war f\u00fcr den Gesundheitssenat ein Jahr des Wachstums: Die Mitgliederzahl hat sich mehr als verdoppelt. Ein besonderes Willkommen gilt ZA Dirk Bednarik, der in D\u00fcsseldorf offiziell zum Senator ernannt wurde.<\/p>\n<p>F\u00fcr 2025 plant der Senat, diesen Wachstumskurs fortzusetzen und die Zusammenarbeit durch neue digitale Formate zu intensivieren. Diese sollen den internen Austausch erleichtern und die Synergien unter den Mitgliedern weiter f\u00f6rdern \u2013 um die gemeinsamen Ziele effizienter zu erreichen.<\/p>\n<p><strong>Gemeinsam engagiert in eine gesunde Zukunft<br \/><\/strong>Der Gesundheitssenat blickt optimistisch und mit gro\u00dfem Engagement auf die Herausforderungen und Chancen des kommenden Jahres. Die interdisziplin\u00e4re Vernetzung, innovative Ans\u00e4tze und die F\u00f6rderung der oralen Pr\u00e4vention bleiben zentrale Anliegen, um die Gesundheit der Bev\u00f6lkerung nachhaltig zu verbessern.<\/p>\n<\/div>\n<\/div>\n<p>[\/et_pb_text][dipi_carousel columns=&#8221;3&#8243; space_between=&#8221;31&#8243; loop_wide=&#8221;on&#8221; autoplay_wide=&#8221;on&#8221; pause_on_hover_wide=&#8221;on&#8221; loop_mid=&#8221;on&#8221; autoplay_mid=&#8221;on&#8221; pause_on_hover_mid=&#8221;on&#8221; loop_small=&#8221;on&#8221; autoplay_small=&#8221;on&#8221; pause_on_hover_small=&#8221;on&#8221; navigation=&#8221;on&#8221; pagination=&#8221;on&#8221; navigation_color=&#8221;#FE5E15&#8243; pagination_color=&#8221;#fe5e15&#8243; pagination_active_color=&#8221;#fe5e15&#8243; columns_tablet=&#8221;2&#8243; columns_phone=&#8221;1&#8243; columns_last_edited=&#8221;on|phone&#8221; space_between_tablet=&#8221;31&#8243; space_between_phone=&#8221;31&#8243; space_between_last_edited=&#8221;on|tablet&#8221; disabled_on=&#8221;off|off|off&#8221; _builder_version=&#8221;4.27.4&#8243; _module_preset=&#8221;default&#8221; custom_margin=&#8221;||75px||false|false&#8221; custom_margin_tablet=&#8221;||80px||false|false&#8221; custom_margin_phone=&#8221;-20px||60px||false|false&#8221; custom_margin_last_edited=&#8221;on|phone&#8221; locked=&#8221;off&#8221; global_colors_info=&#8221;{}&#8221; theme_builder_area=&#8221;post_content&#8221;][dipi_carousel_child img_src=&#8221;https:\/\/die-mundgesundheitsstiftung.de\/media\/2025\/07\/Gesundheitssenat-4.png&#8221; _builder_version=&#8221;4.27.4&#8243; _module_preset=&#8221;default&#8221; global_colors_info=&#8221;{}&#8221; theme_builder_area=&#8221;post_content&#8221;][\/dipi_carousel_child][dipi_carousel_child img_src=&#8221;https:\/\/die-mundgesundheitsstiftung.de\/media\/2025\/07\/Gesundheitssenat-7.png&#8221; _builder_version=&#8221;4.27.4&#8243; _module_preset=&#8221;default&#8221; global_colors_info=&#8221;{}&#8221; theme_builder_area=&#8221;post_content&#8221;][\/dipi_carousel_child][dipi_carousel_child img_src=&#8221;https:\/\/die-mundgesundheitsstiftung.de\/media\/2025\/07\/Gesundheitssenat-6.png&#8221; _builder_version=&#8221;4.27.4&#8243; _module_preset=&#8221;default&#8221; global_colors_info=&#8221;{}&#8221; theme_builder_area=&#8221;post_content&#8221;][\/dipi_carousel_child][dipi_carousel_child img_src=&#8221;https:\/\/die-mundgesundheitsstiftung.de\/media\/2025\/07\/Gesundheitssenat-1.png&#8221; _builder_version=&#8221;4.27.4&#8243; _module_preset=&#8221;default&#8221; global_colors_info=&#8221;{}&#8221; theme_builder_area=&#8221;post_content&#8221;][\/dipi_carousel_child][dipi_carousel_child img_src=&#8221;https:\/\/die-mundgesundheitsstiftung.de\/media\/2025\/07\/Gesundheitssenat-2.png&#8221; _builder_version=&#8221;4.27.4&#8243; _module_preset=&#8221;default&#8221; global_colors_info=&#8221;{}&#8221; theme_builder_area=&#8221;post_content&#8221;][\/dipi_carousel_child][dipi_carousel_child img_src=&#8221;https:\/\/die-mundgesundheitsstiftung.de\/media\/2025\/07\/Gesundheitssenat-5.png&#8221; _builder_version=&#8221;4.27.4&#8243; _module_preset=&#8221;default&#8221; global_colors_info=&#8221;{}&#8221; theme_builder_area=&#8221;post_content&#8221;][\/dipi_carousel_child][dipi_carousel_child img_src=&#8221;https:\/\/die-mundgesundheitsstiftung.de\/media\/2025\/07\/Gesundheitssenat-3.png&#8221; _builder_version=&#8221;4.27.4&#8243; _module_preset=&#8221;default&#8221; global_colors_info=&#8221;{}&#8221; theme_builder_area=&#8221;post_content&#8221;][\/dipi_carousel_child][\/dipi_carousel][et_pb_text _builder_version=&#8221;4.27.0&#8243; _module_preset=&#8221;default&#8221; text_font_size=&#8221;11px&#8221; text_line_height=&#8221;1.2em&#8221; text_orientation=&#8221;center&#8221; custom_margin=&#8221;-35px||50px||false|false&#8221; custom_margin_tablet=&#8221;-35px||50px||false|false&#8221; custom_margin_phone=&#8221;-20px||||false|false&#8221; custom_margin_last_edited=&#8221;on|phone&#8221; custom_padding=&#8221;0px||||false|false&#8221; global_colors_info=&#8221;{}&#8221; theme_builder_area=&#8221;post_content&#8221;]<\/p>\n<p>Im Vorfeld der \u201eMasterclass 2024\u201c in D\u00fcsseldorf haben sich die Senatoren des Gesundheitssenats ein letztes Mal in dem Kalenderjahr pers\u00f6nlich zu einem Arbeitsfr\u00fchst\u00fcck getroffen.<\/p>\n<p><span><span class=\"ui-provider a b c d e f g h i j k l m n o p q r s t u v w x y z ab ac ae af ag ah ai aj ak\" dir=\"ltr\">Copyright: DMS<\/span><\/span><\/p>\n<p>[\/et_pb_text][et_pb_text admin_label=&#8221;Text&#8221; _builder_version=&#8221;4.27.0&#8243; background_size=&#8221;initial&#8221; background_position=&#8221;top_left&#8221; background_repeat=&#8221;repeat&#8221; custom_margin=&#8221;|||0px|false|false&#8221; header_font_size_tablet=&#8221;&#8221; header_font_size_phone=&#8221;25px&#8221; header_font_size_last_edited=&#8221;on|phone&#8221; header_2_font_size_tablet=&#8221;&#8221; header_2_font_size_phone=&#8221;25px&#8221; header_2_font_size_last_edited=&#8221;on|phone&#8221; global_colors_info=&#8221;{}&#8221; theme_builder_area=&#8221;post_content&#8221;]<\/p>\n<div class=\"et_pb_module et_pb_text et_pb_text_0  et_pb_text_align_left et_pb_bg_layout_light\">\n<div class=\"et_pb_text_inner\">\n<p><strong>Fakten: Mundgesundheit in Deutschland<br \/><\/strong><span style=\"font-size: 14px;\">Zwar gehen die meisten Deutschen 1,5-mal pro Jahr zur Kontrolle zum Zahnarzt. Laut der 5. Deutschen Mundgesundheitsstudie verlieren Patienten in Deutschland dennoch etwa die H\u00e4lfte ihrer Z\u00e4hne im Laufen des Lebens. Dies geschieht meist aufgrund von zu sp\u00e4t erkannter und therapierter Parodontitis die eine Folge der aktuell noch post-destruktiven Sonden- und Bildgebungsdiagnostik ist. Laut WHO ist die Parodontitis weltweit eine der gr\u00f6\u00dften chronischen Entz\u00fcndungserkrankungen mit weitreichenden Folgen f\u00fcr den Gesundheitszustand insgesamt. Pr\u00e4diktive Biomarker-Diagnostik und personalisierte Pr\u00e4vention zur Vermeidung von entz\u00fcndungsbedingtem Zahnverlust seien daher der Weg in die Zukunft.<\/span><\/p>\n<p><strong>\u00dcber die Deutsche Mundgesundheitsstiftung<\/strong><br \/>Die Deutsche Mundgesundheitsstiftung (DMS) engagiert sich seit 2009 international f\u00fcr die Erforschung sowie Verbesserung der Mundgesundheit. Die Experten der Stiftung begleiteten bereits mehr als 300 publizierte Studien zum Thema oral-systemische Gesundheit. Sie setzen sich weltweit f\u00fcr die St\u00e4rkung der interdisziplin\u00e4ren Zusammenarbeit ein. Mehr als 50 Senatorinnen und Senatoren, darunter der Mediziner und ehemalige Weltmeister im 100-Meter Brustschwimmen Mark Warnecke, sind im Gesundheitssenat der DMS f\u00fcr mehr Pr\u00e4vention und Gesundheit in der Zahnmedizin aktiv. Die Stiftung mit Sitz in Solingen kooperiert mit ihrem Gesundheitssenat ebenfalls mit der Stiftung Senat der Wirtschaft Deutschland (Bonn).<span style=\"font-size: 14px;\">\u00a0<\/span><\/p>\n<\/div>\n<\/div>\n<p>[\/et_pb_text][et_pb_text admin_label=&#8221;Text&#8221; _builder_version=&#8221;4.27.0&#8243; text_line_height=&#8221;1.6em&#8221; background_size=&#8221;initial&#8221; background_position=&#8221;top_left&#8221; background_repeat=&#8221;repeat&#8221; custom_margin=&#8221;|||0px|false|false&#8221; header_font_size_tablet=&#8221;&#8221; header_font_size_phone=&#8221;25px&#8221; header_font_size_last_edited=&#8221;on|phone&#8221; header_2_font_size_tablet=&#8221;&#8221; header_2_font_size_phone=&#8221;25px&#8221; header_2_font_size_last_edited=&#8221;on|phone&#8221; global_colors_info=&#8221;{}&#8221; theme_builder_area=&#8221;post_content&#8221;]<\/p>\n<div class=\"et_pb_module et_pb_text et_pb_text_0  et_pb_text_align_left et_pb_bg_layout_light\">\n<div class=\"et_pb_text_inner\">\n<p><strong style=\"font-size: 14px;\">Absender:<br \/><\/strong>Deutsche Mundgesundheitsstiftung (DMS)<br \/>Bonner Str. 84<br \/>42697 Solingen<\/p>\n<p><strong>Kontakt f\u00fcr Medienanfragen:<\/strong><br \/>Antje Kassel &#8211;\u00a0Dipl.-Journ.<br \/>Tel. 0211-3020751<br \/>mobil 0170-6100669<br \/>E-Mail: <a href=\"mailto:antje.kassel@mundgesundheitsstiftung.de\">antje.kassel@mundgesundheitsstiftung.de<\/a><\/p>\n<p>&nbsp;<\/p>\n<\/div>\n<\/div>\n<p>[\/et_pb_text][\/et_pb_column][\/et_pb_row][\/et_pb_section]<\/p>\n","protected":false},"excerpt":{"rendered":"<p>Arbeitsfr\u00fchst\u00fcck des Gesundheitssenats: R\u00fcckblick 2024 &amp; Ausblick 2025 Solingen\/D\u00fcsseldorf, 22.11.2024. \u2013 Im Vorfeld der \u201eMasterclass 2024\u201c in D\u00fcsseldorf haben sich die Senatoren des Gesundheitssenats ein letztes Mal in diesem Kalenderjahr pers\u00f6nlich zu einem Arbeitsfr\u00fchst\u00fcck getroffen. Im Mittelpunkt standen dabei ein R\u00fcckblick auf das vergangene Jahr, Updates aus den verschiedenen Arbeitsgruppen sowie ein Ausblick auf die [&hellip;]<\/p>\n","protected":false},"author":24,"featured_media":27004533,"comment_status":"closed","ping_status":"closed","sticky":false,"template":"","format":"standard","meta":{"_et_pb_use_builder":"on","_et_pb_old_content":"<!-- wp:paragraph -->\n<p>Lorem ipsum dolor sit amet, consectetur adipiscing elit. Aliquam dignissim iaculis sapien, in aliquet elit blandit id. Nam congue blandit odio ac sollicitudin. Ut nulla felis, ullamcorper ut nisi in, ultrices finibus eros. Vivamus gravida ullamcorper massa ut posuere. Curabitur faucibus, lacus vestibulum rhoncus viverra, nibh quam pellentesque ligula, eget lacinia quam ligula in eros. Proin eu lacinia massa, et maximus orci. Curabitur sed maximus sapien, eget venenatis leo. Mauris massa enim, aliquam id sem nec, dictum maximus diam. Nullam ipsum purus, lobortis a tincidunt vel, vulputate vel sem. Aliquam metus risus, cursus ac suscipit in, rhoncus blandit risus. Nullam vestibulum quis odio at ultrices. Sed eget aliquet nisi, ultrices vestibulum ligula. Nunc eros orci, vehicula in diam ac, pharetra viverra erat.<\/p>\n<!-- \/wp:paragraph -->\n\n<!-- wp:heading -->\n<h2>Curabitur faucibus lacus vestibulum rhoncus<\/h2>\n<!-- \/wp:heading -->\n\n<!-- wp:paragraph -->\n<p>Nam in pulvinar tortor, quis mattis ex. In eget nisi felis. In quis ultrices neque, mattis finibus arcu. Morbi nec tortor elementum, varius metus vel, venenatis quam. Mauris id justo at libero porta molestie sed et turpis. Mauris auctor neque augue, a ornare justo eleifend eget. Etiam ac rutrum diam, non eleifend felis. Proin euismod molestie finibus. Suspendisse imperdiet lorem eu varius luctus. Curabitur laoreet leo magna, vitae fermentum turpis tristique at. Morbi mattis maximus venenatis.<\/p>\n<!-- \/wp:paragraph -->\n\n<!-- wp:quote -->\n<blockquote class=\"wp-block-quote\"><p>Quisque nec tellus vel felis fringilla aliquet a eu leo. Etiam facilisis at risus placerat fringilla. Ut maximus cursus tortor, vitae malesuada turpis viverra in. Sed mollis sapien nec elit tempor, in pretium sem pharetra. Nam sollicitudin pulvinar sagittis. Praesent pellentesque sem quis tortor porttitor pellentesque. Sed convallis sagittis ex, eget lobortis libero blandit et. Proin ultrices malesuada quam ut varius.<\/p><\/blockquote>\n<!-- \/wp:quote -->\n\n<!-- wp:paragraph -->\n<p>Phasellus bibendum tempus viverra. Sed eget ligula elit. Phasellus sit amet mi consectetur neque pharetra facilisis non vel orci. Curabitur urna sapien, viverra ac maximus sed, cursus at turpis. Aliquam tempus, diam in maximus fringilla, nunc velit rhoncus mauris, at mattis ipsum justo malesuada lectus. Quisque porttitor efficitur ligula, ac sodales sapien semper laoreet. Maecenas et sollicitudin nisi. Suspendisse potenti. Sed quis ullamcorper sem. Sed placerat purus justo, ac luctus lorem cursus vitae. Aliquam commodo egestas nisl, non luctus leo bibendum imperdiet. Vestibulum ante ipsum primis in faucibus orci luctus et ultrices posuere cubilia curae.<\/p>\n<!-- \/wp:paragraph -->\n\n<!-- wp:heading -->\n<h2>Lorem ipsum dolor sit amet.<\/h2>\n<!-- \/wp:heading -->\n\n<!-- wp:list -->\n<ul><li>Etiam interdum sapien ac lorem eleifend finibus. In elit risus,<\/li><li>Feugiat ultrices diam cursus, laoreet ultricies lectus. Etiam ultrices metus risus,<\/li><li>A hendrerit mi finibus quis. Pellentesque vel velit est,<\/li><li>Suspendisse varius odio nec dui rhoncus, quis mattis tortor egestas.<\/li><li>Vivamus hendrerit dui non malesuada fermentum.<\/li><li>Sed elementum varius metus ut facilisis. Ut consectetur volutpat facilisis.<\/li><li>Curabitur placerat felis a magna scelerisque aliquet.<\/li><li>Ut sit amet mauris vulputate, consequat quam id, accumsan massa.<\/li><\/ul>\n<!-- \/wp:list -->\n\n<!-- wp:paragraph -->\n<p>Nunc vestibulum felis eget erat tincidunt laoreet. Nunc eu dui id nunc ullamcorper posuere in nec dolor. Curabitur quis justo ac nisl varius sollicitudin. Nunc finibus, ex non varius lobortis, justo augue imperdiet risus, vitae sollicitudin diam purus in nibh. Cras at ullamcorper magna. Maecenas bibendum fringilla tellus, et blandit nisi imperdiet vulputate. Etiam in mi malesuada, bibendum ipsum eget, elementum libero. Mauris pellentesque orci nisi, ac imperdiet velit commodo a. Aenean tempor justo eget lorem consequat, a lobortis diam condimentum. Cras scelerisque orci at neque porta vulputate. Vestibulum fringilla urna a justo pretium, quis convallis lacus commodo. Integer et libero sed neque dapibus sagittis non vitae augue. Nam varius, magna efficitur rhoncus rutrum, tortor augue eleifend sem, in dictum lorem massa et eros.<\/p>\n<!-- \/wp:paragraph -->","_et_gb_content_width":"","footnotes":""},"categories":[76],"tags":[],"dipi_cpt_category":[],"class_list":["post-27004496","post","type-post","status-publish","format-standard","has-post-thumbnail","hentry","category-news-neu"],"yoast_head":"<!-- This site is optimized with the Yoast SEO plugin v27.4 - https:\/\/yoast.com\/product\/yoast-seo-wordpress\/ -->\n<title>Arbeitsfr\u00fchst\u00fcck des Gesundheitssenats: R\u00fcckblick 2024 &amp; Ausblick 2025 - DMS Deutsche Mundgesundheitsstiftung<\/title>\n<meta name=\"description\" content=\"H\u00f6here Leistungsf\u00e4higkeit, weniger Zahnverlust, und bessere Gesundheit durch pr\u00e4diktive Diagnostik aus Deutschland.\" \/>\n<meta name=\"robots\" content=\"index, follow, max-snippet:-1, max-image-preview:large, max-video-preview:-1\" \/>\n<link rel=\"canonical\" href=\"https:\/\/die-mundgesundheitsstiftung.de\/en\/arbeitsfruehstueck-des-gesundheitssenats-rueckblick-2024-ausblick-2025\/\" \/>\n<meta property=\"og:locale\" content=\"en_US\" \/>\n<meta property=\"og:type\" content=\"article\" \/>\n<meta property=\"og:title\" content=\"Arbeitsfr\u00fchst\u00fcck des Gesundheitssenats: R\u00fcckblick 2024 &amp; Ausblick 2025 - DMS Deutsche Mundgesundheitsstiftung\" \/>\n<meta property=\"og:description\" content=\"H\u00f6here Leistungsf\u00e4higkeit, weniger Zahnverlust, und bessere Gesundheit durch pr\u00e4diktive Diagnostik aus Deutschland.\" \/>\n<meta property=\"og:url\" content=\"https:\/\/die-mundgesundheitsstiftung.de\/en\/arbeitsfruehstueck-des-gesundheitssenats-rueckblick-2024-ausblick-2025\/\" \/>\n<meta property=\"og:site_name\" content=\"DMS Deutsche Mundgesundheitsstiftung\" \/>\n<meta property=\"article:published_time\" content=\"2024-11-22T10:37:00+00:00\" \/>\n<meta property=\"article:modified_time\" content=\"2025-07-15T09:24:50+00:00\" \/>\n<meta property=\"og:image\" content=\"https:\/\/die-mundgesundheitsstiftung.de\/media\/2025\/07\/Gesundheitssenat-4-1024x683.png\" \/>\n\t<meta property=\"og:image:width\" content=\"1024\" \/>\n\t<meta property=\"og:image:height\" content=\"683\" \/>\n\t<meta property=\"og:image:type\" content=\"image\/png\" \/>\n<meta name=\"author\" content=\"Pia\" \/>\n<meta name=\"twitter:card\" content=\"summary_large_image\" \/>\n<meta name=\"twitter:label1\" content=\"Written by\" \/>\n\t<meta name=\"twitter:data1\" content=\"Pia\" \/>\n\t<meta name=\"twitter:label2\" content=\"Est. reading time\" \/>\n\t<meta name=\"twitter:data2\" content=\"5 minutes\" \/>\n<script type=\"application\/ld+json\" class=\"yoast-schema-graph\">{\"@context\":\"https:\\\/\\\/schema.org\",\"@graph\":[{\"@type\":\"Article\",\"@id\":\"https:\\\/\\\/die-mundgesundheitsstiftung.de\\\/arbeitsfruehstueck-des-gesundheitssenats-rueckblick-2024-ausblick-2025\\\/#article\",\"isPartOf\":{\"@id\":\"https:\\\/\\\/die-mundgesundheitsstiftung.de\\\/arbeitsfruehstueck-des-gesundheitssenats-rueckblick-2024-ausblick-2025\\\/\"},\"author\":{\"name\":\"Pia\",\"@id\":\"https:\\\/\\\/die-mundgesundheitsstiftung.de\\\/#\\\/schema\\\/person\\\/c44950ce0d39445b5bec10f259fdc377\"},\"headline\":\"Arbeitsfr\u00fchst\u00fcck des Gesundheitssenats: R\u00fcckblick 2024 &amp; Ausblick 2025\",\"datePublished\":\"2024-11-22T10:37:00+00:00\",\"dateModified\":\"2025-07-15T09:24:50+00:00\",\"mainEntityOfPage\":{\"@id\":\"https:\\\/\\\/die-mundgesundheitsstiftung.de\\\/arbeitsfruehstueck-des-gesundheitssenats-rueckblick-2024-ausblick-2025\\\/\"},\"wordCount\":1292,\"image\":{\"@id\":\"https:\\\/\\\/die-mundgesundheitsstiftung.de\\\/arbeitsfruehstueck-des-gesundheitssenats-rueckblick-2024-ausblick-2025\\\/#primaryimage\"},\"thumbnailUrl\":\"https:\\\/\\\/die-mundgesundheitsstiftung.de\\\/wp-content\\\/uploads\\\/2025\\\/07\\\/Gesundheitssenat-4.png\",\"articleSection\":[\"News neu\"],\"inLanguage\":\"en-US\"},{\"@type\":\"WebPage\",\"@id\":\"https:\\\/\\\/die-mundgesundheitsstiftung.de\\\/arbeitsfruehstueck-des-gesundheitssenats-rueckblick-2024-ausblick-2025\\\/\",\"url\":\"https:\\\/\\\/die-mundgesundheitsstiftung.de\\\/arbeitsfruehstueck-des-gesundheitssenats-rueckblick-2024-ausblick-2025\\\/\",\"name\":\"Arbeitsfr\u00fchst\u00fcck des Gesundheitssenats: R\u00fcckblick 2024 &amp; Ausblick 2025 - DMS Deutsche Mundgesundheitsstiftung\",\"isPartOf\":{\"@id\":\"https:\\\/\\\/die-mundgesundheitsstiftung.de\\\/#website\"},\"primaryImageOfPage\":{\"@id\":\"https:\\\/\\\/die-mundgesundheitsstiftung.de\\\/arbeitsfruehstueck-des-gesundheitssenats-rueckblick-2024-ausblick-2025\\\/#primaryimage\"},\"image\":{\"@id\":\"https:\\\/\\\/die-mundgesundheitsstiftung.de\\\/arbeitsfruehstueck-des-gesundheitssenats-rueckblick-2024-ausblick-2025\\\/#primaryimage\"},\"thumbnailUrl\":\"https:\\\/\\\/die-mundgesundheitsstiftung.de\\\/wp-content\\\/uploads\\\/2025\\\/07\\\/Gesundheitssenat-4.png\",\"datePublished\":\"2024-11-22T10:37:00+00:00\",\"dateModified\":\"2025-07-15T09:24:50+00:00\",\"author\":{\"@id\":\"https:\\\/\\\/die-mundgesundheitsstiftung.de\\\/#\\\/schema\\\/person\\\/c44950ce0d39445b5bec10f259fdc377\"},\"description\":\"H\u00f6here Leistungsf\u00e4higkeit, weniger Zahnverlust, und bessere Gesundheit durch pr\u00e4diktive Diagnostik aus Deutschland.\",\"breadcrumb\":{\"@id\":\"https:\\\/\\\/die-mundgesundheitsstiftung.de\\\/arbeitsfruehstueck-des-gesundheitssenats-rueckblick-2024-ausblick-2025\\\/#breadcrumb\"},\"inLanguage\":\"en-US\",\"potentialAction\":[{\"@type\":\"ReadAction\",\"target\":[\"https:\\\/\\\/die-mundgesundheitsstiftung.de\\\/arbeitsfruehstueck-des-gesundheitssenats-rueckblick-2024-ausblick-2025\\\/\"]}]},{\"@type\":\"ImageObject\",\"inLanguage\":\"en-US\",\"@id\":\"https:\\\/\\\/die-mundgesundheitsstiftung.de\\\/arbeitsfruehstueck-des-gesundheitssenats-rueckblick-2024-ausblick-2025\\\/#primaryimage\",\"url\":\"https:\\\/\\\/die-mundgesundheitsstiftung.de\\\/wp-content\\\/uploads\\\/2025\\\/07\\\/Gesundheitssenat-4.png\",\"contentUrl\":\"https:\\\/\\\/die-mundgesundheitsstiftung.de\\\/wp-content\\\/uploads\\\/2025\\\/07\\\/Gesundheitssenat-4.png\",\"width\":1500,\"height\":1000},{\"@type\":\"BreadcrumbList\",\"@id\":\"https:\\\/\\\/die-mundgesundheitsstiftung.de\\\/arbeitsfruehstueck-des-gesundheitssenats-rueckblick-2024-ausblick-2025\\\/#breadcrumb\",\"itemListElement\":[{\"@type\":\"ListItem\",\"position\":1,\"name\":\"Startseite\",\"item\":\"https:\\\/\\\/die-mundgesundheitsstiftung.de\\\/\"},{\"@type\":\"ListItem\",\"position\":2,\"name\":\"Arbeitsfr\u00fchst\u00fcck des Gesundheitssenats: R\u00fcckblick 2024 &amp; Ausblick 2025\"}]},{\"@type\":\"WebSite\",\"@id\":\"https:\\\/\\\/die-mundgesundheitsstiftung.de\\\/#website\",\"url\":\"https:\\\/\\\/die-mundgesundheitsstiftung.de\\\/\",\"name\":\"DMS Deutsche Mundgesundheitsstiftung\",\"description\":\"DMS Deutsche Mundgesundheitsstiftung\",\"potentialAction\":[{\"@type\":\"SearchAction\",\"target\":{\"@type\":\"EntryPoint\",\"urlTemplate\":\"https:\\\/\\\/die-mundgesundheitsstiftung.de\\\/?s={search_term_string}\"},\"query-input\":{\"@type\":\"PropertyValueSpecification\",\"valueRequired\":true,\"valueName\":\"search_term_string\"}}],\"inLanguage\":\"en-US\"},{\"@type\":\"Person\",\"@id\":\"https:\\\/\\\/die-mundgesundheitsstiftung.de\\\/#\\\/schema\\\/person\\\/c44950ce0d39445b5bec10f259fdc377\",\"name\":\"Pia\",\"image\":{\"@type\":\"ImageObject\",\"inLanguage\":\"en-US\",\"@id\":\"https:\\\/\\\/secure.gravatar.com\\\/avatar\\\/bf8f98e6440d800f3126b9379c323c64cf9c847ebe2d46d64c1d74674ffd73cc?s=96&d=mm&r=g\",\"url\":\"https:\\\/\\\/secure.gravatar.com\\\/avatar\\\/bf8f98e6440d800f3126b9379c323c64cf9c847ebe2d46d64c1d74674ffd73cc?s=96&d=mm&r=g\",\"contentUrl\":\"https:\\\/\\\/secure.gravatar.com\\\/avatar\\\/bf8f98e6440d800f3126b9379c323c64cf9c847ebe2d46d64c1d74674ffd73cc?s=96&d=mm&r=g\",\"caption\":\"Pia\"},\"url\":\"https:\\\/\\\/die-mundgesundheitsstiftung.de\\\/en\\\/author\\\/pia\\\/\"}]}<\/script>\n<!-- \/ Yoast SEO plugin. -->","yoast_head_json":{"title":"Arbeitsfr\u00fchst\u00fcck des Gesundheitssenats: R\u00fcckblick 2024 &amp; Ausblick 2025 - DMS Deutsche Mundgesundheitsstiftung","description":"H\u00f6here Leistungsf\u00e4higkeit, weniger Zahnverlust, und bessere Gesundheit durch pr\u00e4diktive Diagnostik aus Deutschland.","robots":{"index":"index","follow":"follow","max-snippet":"max-snippet:-1","max-image-preview":"max-image-preview:large","max-video-preview":"max-video-preview:-1"},"canonical":"https:\/\/die-mundgesundheitsstiftung.de\/en\/arbeitsfruehstueck-des-gesundheitssenats-rueckblick-2024-ausblick-2025\/","og_locale":"en_US","og_type":"article","og_title":"Arbeitsfr\u00fchst\u00fcck des Gesundheitssenats: R\u00fcckblick 2024 &amp; Ausblick 2025 - DMS Deutsche Mundgesundheitsstiftung","og_description":"H\u00f6here Leistungsf\u00e4higkeit, weniger Zahnverlust, und bessere Gesundheit durch pr\u00e4diktive Diagnostik aus Deutschland.","og_url":"https:\/\/die-mundgesundheitsstiftung.de\/en\/arbeitsfruehstueck-des-gesundheitssenats-rueckblick-2024-ausblick-2025\/","og_site_name":"DMS Deutsche Mundgesundheitsstiftung","article_published_time":"2024-11-22T10:37:00+00:00","article_modified_time":"2025-07-15T09:24:50+00:00","og_image":[{"width":1024,"height":683,"url":"https:\/\/die-mundgesundheitsstiftung.de\/media\/2025\/07\/Gesundheitssenat-4-1024x683.png","type":"image\/png"}],"author":"Pia","twitter_card":"summary_large_image","twitter_misc":{"Written by":"Pia","Est. reading time":"5 minutes"},"schema":{"@context":"https:\/\/schema.org","@graph":[{"@type":"Article","@id":"https:\/\/die-mundgesundheitsstiftung.de\/arbeitsfruehstueck-des-gesundheitssenats-rueckblick-2024-ausblick-2025\/#article","isPartOf":{"@id":"https:\/\/die-mundgesundheitsstiftung.de\/arbeitsfruehstueck-des-gesundheitssenats-rueckblick-2024-ausblick-2025\/"},"author":{"name":"Pia","@id":"https:\/\/die-mundgesundheitsstiftung.de\/#\/schema\/person\/c44950ce0d39445b5bec10f259fdc377"},"headline":"Arbeitsfr\u00fchst\u00fcck des Gesundheitssenats: R\u00fcckblick 2024 &amp; Ausblick 2025","datePublished":"2024-11-22T10:37:00+00:00","dateModified":"2025-07-15T09:24:50+00:00","mainEntityOfPage":{"@id":"https:\/\/die-mundgesundheitsstiftung.de\/arbeitsfruehstueck-des-gesundheitssenats-rueckblick-2024-ausblick-2025\/"},"wordCount":1292,"image":{"@id":"https:\/\/die-mundgesundheitsstiftung.de\/arbeitsfruehstueck-des-gesundheitssenats-rueckblick-2024-ausblick-2025\/#primaryimage"},"thumbnailUrl":"https:\/\/die-mundgesundheitsstiftung.de\/media\/2025\/07\/Gesundheitssenat-4.png","articleSection":["News neu"],"inLanguage":"en-US"},{"@type":"WebPage","@id":"https:\/\/die-mundgesundheitsstiftung.de\/arbeitsfruehstueck-des-gesundheitssenats-rueckblick-2024-ausblick-2025\/","url":"https:\/\/die-mundgesundheitsstiftung.de\/arbeitsfruehstueck-des-gesundheitssenats-rueckblick-2024-ausblick-2025\/","name":"Arbeitsfr\u00fchst\u00fcck des Gesundheitssenats: R\u00fcckblick 2024 &amp; Ausblick 2025 - DMS Deutsche Mundgesundheitsstiftung","isPartOf":{"@id":"https:\/\/die-mundgesundheitsstiftung.de\/#website"},"primaryImageOfPage":{"@id":"https:\/\/die-mundgesundheitsstiftung.de\/arbeitsfruehstueck-des-gesundheitssenats-rueckblick-2024-ausblick-2025\/#primaryimage"},"image":{"@id":"https:\/\/die-mundgesundheitsstiftung.de\/arbeitsfruehstueck-des-gesundheitssenats-rueckblick-2024-ausblick-2025\/#primaryimage"},"thumbnailUrl":"https:\/\/die-mundgesundheitsstiftung.de\/media\/2025\/07\/Gesundheitssenat-4.png","datePublished":"2024-11-22T10:37:00+00:00","dateModified":"2025-07-15T09:24:50+00:00","author":{"@id":"https:\/\/die-mundgesundheitsstiftung.de\/#\/schema\/person\/c44950ce0d39445b5bec10f259fdc377"},"description":"H\u00f6here Leistungsf\u00e4higkeit, weniger Zahnverlust, und bessere Gesundheit durch pr\u00e4diktive Diagnostik aus Deutschland.","breadcrumb":{"@id":"https:\/\/die-mundgesundheitsstiftung.de\/arbeitsfruehstueck-des-gesundheitssenats-rueckblick-2024-ausblick-2025\/#breadcrumb"},"inLanguage":"en-US","potentialAction":[{"@type":"ReadAction","target":["https:\/\/die-mundgesundheitsstiftung.de\/arbeitsfruehstueck-des-gesundheitssenats-rueckblick-2024-ausblick-2025\/"]}]},{"@type":"ImageObject","inLanguage":"en-US","@id":"https:\/\/die-mundgesundheitsstiftung.de\/arbeitsfruehstueck-des-gesundheitssenats-rueckblick-2024-ausblick-2025\/#primaryimage","url":"https:\/\/die-mundgesundheitsstiftung.de\/media\/2025\/07\/Gesundheitssenat-4.png","contentUrl":"https:\/\/die-mundgesundheitsstiftung.de\/media\/2025\/07\/Gesundheitssenat-4.png","width":1500,"height":1000},{"@type":"BreadcrumbList","@id":"https:\/\/die-mundgesundheitsstiftung.de\/arbeitsfruehstueck-des-gesundheitssenats-rueckblick-2024-ausblick-2025\/#breadcrumb","itemListElement":[{"@type":"ListItem","position":1,"name":"Startseite","item":"https:\/\/die-mundgesundheitsstiftung.de\/"},{"@type":"ListItem","position":2,"name":"Arbeitsfr\u00fchst\u00fcck des Gesundheitssenats: R\u00fcckblick 2024 &amp; Ausblick 2025"}]},{"@type":"WebSite","@id":"https:\/\/die-mundgesundheitsstiftung.de\/#website","url":"https:\/\/die-mundgesundheitsstiftung.de\/","name":"DMS Deutsche Mundgesundheitsstiftung","description":"DMS Deutsche Mundgesundheitsstiftung","potentialAction":[{"@type":"SearchAction","target":{"@type":"EntryPoint","urlTemplate":"https:\/\/die-mundgesundheitsstiftung.de\/?s={search_term_string}"},"query-input":{"@type":"PropertyValueSpecification","valueRequired":true,"valueName":"search_term_string"}}],"inLanguage":"en-US"},{"@type":"Person","@id":"https:\/\/die-mundgesundheitsstiftung.de\/#\/schema\/person\/c44950ce0d39445b5bec10f259fdc377","name":"Pia","image":{"@type":"ImageObject","inLanguage":"en-US","@id":"https:\/\/secure.gravatar.com\/avatar\/bf8f98e6440d800f3126b9379c323c64cf9c847ebe2d46d64c1d74674ffd73cc?s=96&d=mm&r=g","url":"https:\/\/secure.gravatar.com\/avatar\/bf8f98e6440d800f3126b9379c323c64cf9c847ebe2d46d64c1d74674ffd73cc?s=96&d=mm&r=g","contentUrl":"https:\/\/secure.gravatar.com\/avatar\/bf8f98e6440d800f3126b9379c323c64cf9c847ebe2d46d64c1d74674ffd73cc?s=96&d=mm&r=g","caption":"Pia"},"url":"https:\/\/die-mundgesundheitsstiftung.de\/en\/author\/pia\/"}]}},"_links":{"self":[{"href":"https:\/\/die-mundgesundheitsstiftung.de\/en\/wp-json\/wp\/v2\/posts\/27004496","targetHints":{"allow":["GET"]}}],"collection":[{"href":"https:\/\/die-mundgesundheitsstiftung.de\/en\/wp-json\/wp\/v2\/posts"}],"about":[{"href":"https:\/\/die-mundgesundheitsstiftung.de\/en\/wp-json\/wp\/v2\/types\/post"}],"author":[{"embeddable":true,"href":"https:\/\/die-mundgesundheitsstiftung.de\/en\/wp-json\/wp\/v2\/users\/24"}],"replies":[{"embeddable":true,"href":"https:\/\/die-mundgesundheitsstiftung.de\/en\/wp-json\/wp\/v2\/comments?post=27004496"}],"version-history":[{"count":5,"href":"https:\/\/die-mundgesundheitsstiftung.de\/en\/wp-json\/wp\/v2\/posts\/27004496\/revisions"}],"predecessor-version":[{"id":27004567,"href":"https:\/\/die-mundgesundheitsstiftung.de\/en\/wp-json\/wp\/v2\/posts\/27004496\/revisions\/27004567"}],"wp:featuredmedia":[{"embeddable":true,"href":"https:\/\/die-mundgesundheitsstiftung.de\/en\/wp-json\/wp\/v2\/media\/27004533"}],"wp:attachment":[{"href":"https:\/\/die-mundgesundheitsstiftung.de\/en\/wp-json\/wp\/v2\/media?parent=27004496"}],"wp:term":[{"taxonomy":"category","embeddable":true,"href":"https:\/\/die-mundgesundheitsstiftung.de\/en\/wp-json\/wp\/v2\/categories?post=27004496"},{"taxonomy":"post_tag","embeddable":true,"href":"https:\/\/die-mundgesundheitsstiftung.de\/en\/wp-json\/wp\/v2\/tags?post=27004496"},{"taxonomy":"dipi_cpt_category","embeddable":true,"href":"https:\/\/die-mundgesundheitsstiftung.de\/en\/wp-json\/wp\/v2\/dipi_cpt_category?post=27004496"}],"curies":[{"name":"wp","href":"https:\/\/api.w.org\/{rel}","templated":true}]}}