{"id":27004499,"date":"2025-03-12T10:00:00","date_gmt":"2025-03-12T08:00:00","guid":{"rendered":"https:\/\/die-mundgesundheitsstiftung.de\/?p=27004499"},"modified":"2025-07-15T11:21:22","modified_gmt":"2025-07-15T09:21:22","slug":"drei-senatoren-bei-fortbildung-des-bundes-deutscher-fussball-lehrer-e-v","status":"publish","type":"post","link":"https:\/\/die-mundgesundheitsstiftung.de\/en\/drei-senatoren-bei-fortbildung-des-bundes-deutscher-fussball-lehrer-e-v\/","title":{"rendered":"Drei Senatoren bei Fortbildung des Bundes Deutscher Fu\u00dfball-Lehrer e.V."},"content":{"rendered":"<p>[et_pb_section fb_built=&#8221;1&#8243; admin_label=&#8221;section&#8221; _builder_version=&#8221;4.16&#8243; global_colors_info=&#8221;{}&#8221; theme_builder_area=&#8221;post_content&#8221;][et_pb_row admin_label=&#8221;row&#8221; _builder_version=&#8221;4.24.3&#8243; background_size=&#8221;initial&#8221; background_position=&#8221;top_left&#8221; background_repeat=&#8221;repeat&#8221; global_colors_info=&#8221;{}&#8221; theme_builder_area=&#8221;post_content&#8221;][et_pb_column type=&#8221;4_4&#8243; _builder_version=&#8221;4.16&#8243; custom_padding=&#8221;|||&#8221; global_colors_info=&#8221;{}&#8221; custom_padding__hover=&#8221;|||&#8221; theme_builder_area=&#8221;post_content&#8221;][et_pb_text admin_label=&#8221;Text&#8221; _builder_version=&#8221;4.27.4&#8243; background_size=&#8221;initial&#8221; background_position=&#8221;top_left&#8221; background_repeat=&#8221;repeat&#8221; custom_margin=&#8221;|||0px|false|false&#8221; header_font_size_tablet=&#8221;&#8221; header_font_size_phone=&#8221;25px&#8221; header_font_size_last_edited=&#8221;on|phone&#8221; header_2_font_size_tablet=&#8221;&#8221; header_2_font_size_phone=&#8221;25px&#8221; header_2_font_size_last_edited=&#8221;on|phone&#8221; global_colors_info=&#8221;{}&#8221; theme_builder_area=&#8221;post_content&#8221;]<\/p>\n<div class=\"et_pb_module et_pb_text et_pb_text_0  et_pb_text_align_left et_pb_bg_layout_light\">\n<div class=\"et_pb_text_inner\">\n<h1><strong>Drei Senatoren bei Fortbildung des Bundes Deutscher Fu\u00dfball-Lehrer e.V.<\/strong><\/h1>\n<p><strong><br \/>Solingen, 12.3.2025.<\/strong> \u2013 Gleich drei Senatoren der Deutschen Mundgesundheitsstiftung (DMS) haben die Stiftung bei einer Online-Fortbildung des Bund Deutscher Fu\u00dfball-Lehrer e.V. (BDFL) vertreten: Prof. Dr. Gerd Volland, Prof. Dr. Elmar Wienecke und Mark Warnecke, Arzt und ehemaliger Schwimm-Weltmeister.<\/p>\n<p>Die Fortbildung richtete sich an die Fu\u00dfballtrainer mit den h\u00f6chsten Lizenzen in Deutschland und widmete sich dem Thema \u201eMonitoring mit einem Speicheltest\u201c.<\/p>\n<p><strong>Speichelscreening und aMMP-8: Fr\u00fchindikator f\u00fcr Gewebezerst\u00f6rung<br \/><\/strong>Prof. Dr. Gerd Volland erl\u00e4uterte in seinem Vortrag, wie der Biomarker aMMP-8 als zuverl\u00e4ssiger Fr\u00fchindikator f\u00fcr k\u00f6rpereigene Gewebezerst\u00f6rung dient. Er zeigte auf, wie unkompliziert und schnell sich dieser Marker mittels eines einfachen Speicheltests messen l\u00e4sst.<\/p>\n<p>Besonderes Augenmerk lag dabei auf den sogenannten \u201esilent inflammations\u201c \u2013 stillen Entz\u00fcndungen \u2013, die sich negativ auf Kraft, Muskelmasse, k\u00f6rperliche Leistungsf\u00e4higkeit und die Verletzungsanf\u00e4lligkeit auswirken k\u00f6nnen.<\/p>\n<p><strong>\u00dcberbelastung erkennen und gezielt entgegenwirken<br \/><\/strong>Durch die Messung des aMMP-8-Werts lassen sich \u00dcberbelastungen im K\u00f6rper fr\u00fchzeitig erkennen. Dies erm\u00f6glicht eine gezielte Anpassung des Trainings oder eine individuelle N\u00e4hrstoffgabe zur Kompensation der Belastungen.<\/p>\n<p>Prof. Dr. Elmar Wienecke und Mark Warnecke erg\u00e4nzten den Vortrag mit ihrem Expertenwissen aus der Arbeit mit Profisportlern. Sie gaben wertvolle Einblicke, wie diese Erkenntnisse praktisch umgesetzt werden k\u00f6nnen, um die Leistungsf\u00e4higkeit der Athleten zu erhalten und zu verbessern.<\/p>\n<p><strong>Kostenlose Testger\u00e4te f\u00fcr BDFL-Mitglieder und Vereine<br \/><\/strong>Die Deutsche Mundgesundheitsstiftung stellt interessierten BDFL-Mitgliedern und deren Vereinen kostenlos Testger\u00e4te unseres Partners dentognostics GmbH zur Verf\u00fcgung, um den aMMP-8-Wert der Spieler messen zu k\u00f6nnen.<\/p>\n<p>Bereits acht Vereine haben dieses Angebot angenommen und nutzen den Speicheltest zur Gesundheitsvorsorge ihrer Athleten.\u00a0<\/p>\n<p>Die Zusammenarbeit zwischen der DMS und dem BDFL zeigt, wie moderne Diagnostik und pr\u00e4ventive Ma\u00dfnahmen im Sport dazu beitragen k\u00f6nnen, Gesundheit und Leistungsf\u00e4higkeit nachhaltig zu f\u00f6rdern.<\/p>\n<\/div>\n<\/div>\n<p>[\/et_pb_text][et_pb_text admin_label=&#8221;Text&#8221; _builder_version=&#8221;4.27.4&#8243; background_size=&#8221;initial&#8221; background_position=&#8221;top_left&#8221; background_repeat=&#8221;repeat&#8221; custom_margin=&#8221;60px|||0px|false|false&#8221; hover_enabled=&#8221;0&#8243; header_font_size_tablet=&#8221;&#8221; header_font_size_phone=&#8221;25px&#8221; header_font_size_last_edited=&#8221;on|phone&#8221; header_2_font_size_tablet=&#8221;&#8221; header_2_font_size_phone=&#8221;25px&#8221; header_2_font_size_last_edited=&#8221;on|phone&#8221; global_colors_info=&#8221;{}&#8221; theme_builder_area=&#8221;post_content&#8221; sticky_enabled=&#8221;0&#8243;]<\/p>\n<div class=\"et_pb_module et_pb_text et_pb_text_0  et_pb_text_align_left et_pb_bg_layout_light\">\n<div class=\"et_pb_text_inner\">\n<p><strong>Fakten: Mundgesundheit in Deutschland<br \/><\/strong><span style=\"font-size: 14px;\">Zwar gehen die meisten Deutschen 1,5-mal pro Jahr zur Kontrolle zum Zahnarzt. Laut der 5. Deutschen Mundgesundheitsstudie verlieren Patienten in Deutschland dennoch etwa die H\u00e4lfte ihrer Z\u00e4hne im Laufen des Lebens. Dies geschieht meist aufgrund von zu sp\u00e4t erkannter und therapierter Parodontitis die eine Folge der aktuell noch post-destruktiven Sonden- und Bildgebungsdiagnostik ist. Laut WHO ist die Parodontitis weltweit eine der gr\u00f6\u00dften chronischen Entz\u00fcndungserkrankungen mit weitreichenden Folgen f\u00fcr den Gesundheitszustand insgesamt. Pr\u00e4diktive Biomarker-Diagnostik und personalisierte Pr\u00e4vention zur Vermeidung von entz\u00fcndungsbedingtem Zahnverlust seien daher der Weg in die Zukunft.<\/span><\/p>\n<p><strong>\u00dcber die Deutsche Mundgesundheitsstiftung<\/strong><br \/>Die Deutsche Mundgesundheitsstiftung (DMS) engagiert sich seit 2009 international f\u00fcr die Erforschung sowie Verbesserung der Mundgesundheit. Die Experten der Stiftung begleiteten bereits mehr als 300 publizierte Studien zum Thema oral-systemische Gesundheit. Sie setzen sich weltweit f\u00fcr die St\u00e4rkung der interdisziplin\u00e4ren Zusammenarbeit ein. Mehr als 50 Senatorinnen und Senatoren, darunter der Mediziner und ehemalige Weltmeister im 100-Meter Brustschwimmen Mark Warnecke, sind im Gesundheitssenat der DMS f\u00fcr mehr Pr\u00e4vention und Gesundheit in der Zahnmedizin aktiv. Die Stiftung mit Sitz in Solingen kooperiert mit ihrem Gesundheitssenat ebenfalls mit der Stiftung Senat der Wirtschaft Deutschland (Bonn).<span style=\"font-size: 14px;\">\u00a0<\/span><\/p>\n<\/div>\n<\/div>\n<p>[\/et_pb_text][et_pb_text admin_label=&#8221;Text&#8221; _builder_version=&#8221;4.27.0&#8243; text_line_height=&#8221;1.6em&#8221; background_size=&#8221;initial&#8221; background_position=&#8221;top_left&#8221; background_repeat=&#8221;repeat&#8221; custom_margin=&#8221;|||0px|false|false&#8221; header_font_size_tablet=&#8221;&#8221; header_font_size_phone=&#8221;25px&#8221; header_font_size_last_edited=&#8221;on|phone&#8221; header_2_font_size_tablet=&#8221;&#8221; header_2_font_size_phone=&#8221;25px&#8221; header_2_font_size_last_edited=&#8221;on|phone&#8221; global_colors_info=&#8221;{}&#8221; theme_builder_area=&#8221;post_content&#8221;]<\/p>\n<div class=\"et_pb_module et_pb_text et_pb_text_0  et_pb_text_align_left et_pb_bg_layout_light\">\n<div class=\"et_pb_text_inner\">\n<p><strong style=\"font-size: 14px;\">Absender:<br \/><\/strong><span style=\"font-size: 14px;\">Deutsche Mundgesundheitsstiftung (DMS)<br \/><\/span>Bonner Str. 84<br \/>42697 Solingen<\/p>\n<p><strong>Kontakt f\u00fcr Medienanfragen:<\/strong><br \/>Antje Kassel &#8211;\u00a0Dipl.-Journ.<br \/>Tel. 0211-3020751<br \/>mobil 0170-6100669<br \/>E-Mail: <a href=\"mailto:antje.kassel@mundgesundheitsstiftung.de\">antje.kassel@mundgesundheitsstiftung.de<\/a><\/p>\n<\/div>\n<\/div>\n<p>[\/et_pb_text][\/et_pb_column][\/et_pb_row][\/et_pb_section]<\/p>\n","protected":false},"excerpt":{"rendered":"<p>Drei Senatoren bei Fortbildung des Bundes Deutscher Fu\u00dfball-Lehrer e.V. Solingen, 12.3.2025. \u2013 Gleich drei Senatoren der Deutschen Mundgesundheitsstiftung (DMS) haben die Stiftung bei einer Online-Fortbildung des Bund Deutscher Fu\u00dfball-Lehrer e.V. (BDFL) vertreten: Prof. Dr. Gerd Volland, Prof. Dr. Elmar Wienecke und Mark Warnecke, Arzt und ehemaliger Schwimm-Weltmeister. Die Fortbildung richtete sich an die Fu\u00dfballtrainer mit [&hellip;]<\/p>\n","protected":false},"author":24,"featured_media":27004543,"comment_status":"closed","ping_status":"closed","sticky":false,"template":"","format":"standard","meta":{"_et_pb_use_builder":"on","_et_pb_old_content":"<!-- wp:paragraph -->\n<p>Lorem ipsum dolor sit amet, consectetur adipiscing elit. Aliquam dignissim iaculis sapien, in aliquet elit blandit id. Nam congue blandit odio ac sollicitudin. Ut nulla felis, ullamcorper ut nisi in, ultrices finibus eros. Vivamus gravida ullamcorper massa ut posuere. Curabitur faucibus, lacus vestibulum rhoncus viverra, nibh quam pellentesque ligula, eget lacinia quam ligula in eros. Proin eu lacinia massa, et maximus orci. Curabitur sed maximus sapien, eget venenatis leo. Mauris massa enim, aliquam id sem nec, dictum maximus diam. Nullam ipsum purus, lobortis a tincidunt vel, vulputate vel sem. Aliquam metus risus, cursus ac suscipit in, rhoncus blandit risus. Nullam vestibulum quis odio at ultrices. Sed eget aliquet nisi, ultrices vestibulum ligula. Nunc eros orci, vehicula in diam ac, pharetra viverra erat.<\/p>\n<!-- \/wp:paragraph -->\n\n<!-- wp:heading -->\n<h2>Curabitur faucibus lacus vestibulum rhoncus<\/h2>\n<!-- \/wp:heading -->\n\n<!-- wp:paragraph -->\n<p>Nam in pulvinar tortor, quis mattis ex. In eget nisi felis. In quis ultrices neque, mattis finibus arcu. Morbi nec tortor elementum, varius metus vel, venenatis quam. Mauris id justo at libero porta molestie sed et turpis. Mauris auctor neque augue, a ornare justo eleifend eget. Etiam ac rutrum diam, non eleifend felis. Proin euismod molestie finibus. Suspendisse imperdiet lorem eu varius luctus. Curabitur laoreet leo magna, vitae fermentum turpis tristique at. Morbi mattis maximus venenatis.<\/p>\n<!-- \/wp:paragraph -->\n\n<!-- wp:quote -->\n<blockquote class=\"wp-block-quote\"><p>Quisque nec tellus vel felis fringilla aliquet a eu leo. Etiam facilisis at risus placerat fringilla. Ut maximus cursus tortor, vitae malesuada turpis viverra in. Sed mollis sapien nec elit tempor, in pretium sem pharetra. Nam sollicitudin pulvinar sagittis. Praesent pellentesque sem quis tortor porttitor pellentesque. Sed convallis sagittis ex, eget lobortis libero blandit et. Proin ultrices malesuada quam ut varius.<\/p><\/blockquote>\n<!-- \/wp:quote -->\n\n<!-- wp:paragraph -->\n<p>Phasellus bibendum tempus viverra. Sed eget ligula elit. Phasellus sit amet mi consectetur neque pharetra facilisis non vel orci. Curabitur urna sapien, viverra ac maximus sed, cursus at turpis. Aliquam tempus, diam in maximus fringilla, nunc velit rhoncus mauris, at mattis ipsum justo malesuada lectus. Quisque porttitor efficitur ligula, ac sodales sapien semper laoreet. Maecenas et sollicitudin nisi. Suspendisse potenti. Sed quis ullamcorper sem. Sed placerat purus justo, ac luctus lorem cursus vitae. Aliquam commodo egestas nisl, non luctus leo bibendum imperdiet. Vestibulum ante ipsum primis in faucibus orci luctus et ultrices posuere cubilia curae.<\/p>\n<!-- \/wp:paragraph -->\n\n<!-- wp:heading -->\n<h2>Lorem ipsum dolor sit amet.<\/h2>\n<!-- \/wp:heading -->\n\n<!-- wp:list -->\n<ul><li>Etiam interdum sapien ac lorem eleifend finibus. In elit risus,<\/li><li>Feugiat ultrices diam cursus, laoreet ultricies lectus. Etiam ultrices metus risus,<\/li><li>A hendrerit mi finibus quis. Pellentesque vel velit est,<\/li><li>Suspendisse varius odio nec dui rhoncus, quis mattis tortor egestas.<\/li><li>Vivamus hendrerit dui non malesuada fermentum.<\/li><li>Sed elementum varius metus ut facilisis. Ut consectetur volutpat facilisis.<\/li><li>Curabitur placerat felis a magna scelerisque aliquet.<\/li><li>Ut sit amet mauris vulputate, consequat quam id, accumsan massa.<\/li><\/ul>\n<!-- \/wp:list -->\n\n<!-- wp:paragraph -->\n<p>Nunc vestibulum felis eget erat tincidunt laoreet. Nunc eu dui id nunc ullamcorper posuere in nec dolor. Curabitur quis justo ac nisl varius sollicitudin. Nunc finibus, ex non varius lobortis, justo augue imperdiet risus, vitae sollicitudin diam purus in nibh. Cras at ullamcorper magna. Maecenas bibendum fringilla tellus, et blandit nisi imperdiet vulputate. Etiam in mi malesuada, bibendum ipsum eget, elementum libero. Mauris pellentesque orci nisi, ac imperdiet velit commodo a. Aenean tempor justo eget lorem consequat, a lobortis diam condimentum. Cras scelerisque orci at neque porta vulputate. Vestibulum fringilla urna a justo pretium, quis convallis lacus commodo. Integer et libero sed neque dapibus sagittis non vitae augue. Nam varius, magna efficitur rhoncus rutrum, tortor augue eleifend sem, in dictum lorem massa et eros.<\/p>\n<!-- \/wp:paragraph -->","_et_gb_content_width":"","footnotes":""},"categories":[76],"tags":[],"dipi_cpt_category":[],"class_list":["post-27004499","post","type-post","status-publish","format-standard","has-post-thumbnail","hentry","category-news-neu"],"yoast_head":"<!-- This site is optimized with the Yoast SEO plugin v27.4 - https:\/\/yoast.com\/product\/yoast-seo-wordpress\/ -->\n<title>Drei Senatoren bei Fortbildung des Bundes Deutscher Fu\u00dfball-Lehrer e.V. - DMS Deutsche Mundgesundheitsstiftung<\/title>\n<meta name=\"description\" content=\"H\u00f6here Leistungsf\u00e4higkeit, weniger Zahnverlust, und bessere Gesundheit durch pr\u00e4diktive Diagnostik aus Deutschland.\" \/>\n<meta name=\"robots\" content=\"index, follow, max-snippet:-1, max-image-preview:large, max-video-preview:-1\" \/>\n<link rel=\"canonical\" href=\"https:\/\/die-mundgesundheitsstiftung.de\/en\/drei-senatoren-bei-fortbildung-des-bundes-deutscher-fussball-lehrer-e-v\/\" \/>\n<meta property=\"og:locale\" content=\"en_US\" \/>\n<meta property=\"og:type\" content=\"article\" \/>\n<meta property=\"og:title\" content=\"Drei Senatoren bei Fortbildung des Bundes Deutscher Fu\u00dfball-Lehrer e.V. - DMS Deutsche Mundgesundheitsstiftung\" \/>\n<meta property=\"og:description\" content=\"H\u00f6here Leistungsf\u00e4higkeit, weniger Zahnverlust, und bessere Gesundheit durch pr\u00e4diktive Diagnostik aus Deutschland.\" \/>\n<meta property=\"og:url\" content=\"https:\/\/die-mundgesundheitsstiftung.de\/en\/drei-senatoren-bei-fortbildung-des-bundes-deutscher-fussball-lehrer-e-v\/\" \/>\n<meta property=\"og:site_name\" content=\"DMS Deutsche Mundgesundheitsstiftung\" \/>\n<meta property=\"article:published_time\" content=\"2025-03-12T08:00:00+00:00\" \/>\n<meta property=\"article:modified_time\" content=\"2025-07-15T09:21:22+00:00\" \/>\n<meta property=\"og:image\" content=\"https:\/\/die-mundgesundheitsstiftung.de\/media\/2025\/03\/BWDL-1024x683.png\" \/>\n\t<meta property=\"og:image:width\" content=\"1024\" \/>\n\t<meta property=\"og:image:height\" content=\"683\" \/>\n\t<meta property=\"og:image:type\" content=\"image\/png\" \/>\n<meta name=\"author\" content=\"Pia\" \/>\n<meta name=\"twitter:card\" content=\"summary_large_image\" \/>\n<meta name=\"twitter:label1\" content=\"Written by\" \/>\n\t<meta name=\"twitter:data1\" content=\"Pia\" \/>\n\t<meta name=\"twitter:label2\" content=\"Est. reading time\" \/>\n\t<meta name=\"twitter:data2\" content=\"3 minutes\" \/>\n<script type=\"application\/ld+json\" class=\"yoast-schema-graph\">{\"@context\":\"https:\\\/\\\/schema.org\",\"@graph\":[{\"@type\":\"Article\",\"@id\":\"https:\\\/\\\/die-mundgesundheitsstiftung.de\\\/drei-senatoren-bei-fortbildung-des-bundes-deutscher-fussball-lehrer-e-v\\\/#article\",\"isPartOf\":{\"@id\":\"https:\\\/\\\/die-mundgesundheitsstiftung.de\\\/drei-senatoren-bei-fortbildung-des-bundes-deutscher-fussball-lehrer-e-v\\\/\"},\"author\":{\"name\":\"Pia\",\"@id\":\"https:\\\/\\\/die-mundgesundheitsstiftung.de\\\/#\\\/schema\\\/person\\\/c44950ce0d39445b5bec10f259fdc377\"},\"headline\":\"Drei Senatoren bei Fortbildung des Bundes Deutscher Fu\u00dfball-Lehrer e.V.\",\"datePublished\":\"2025-03-12T08:00:00+00:00\",\"dateModified\":\"2025-07-15T09:21:22+00:00\",\"mainEntityOfPage\":{\"@id\":\"https:\\\/\\\/die-mundgesundheitsstiftung.de\\\/drei-senatoren-bei-fortbildung-des-bundes-deutscher-fussball-lehrer-e-v\\\/\"},\"wordCount\":829,\"image\":{\"@id\":\"https:\\\/\\\/die-mundgesundheitsstiftung.de\\\/drei-senatoren-bei-fortbildung-des-bundes-deutscher-fussball-lehrer-e-v\\\/#primaryimage\"},\"thumbnailUrl\":\"https:\\\/\\\/die-mundgesundheitsstiftung.de\\\/wp-content\\\/uploads\\\/2025\\\/03\\\/BWDL.png\",\"articleSection\":[\"News neu\"],\"inLanguage\":\"en-US\"},{\"@type\":\"WebPage\",\"@id\":\"https:\\\/\\\/die-mundgesundheitsstiftung.de\\\/drei-senatoren-bei-fortbildung-des-bundes-deutscher-fussball-lehrer-e-v\\\/\",\"url\":\"https:\\\/\\\/die-mundgesundheitsstiftung.de\\\/drei-senatoren-bei-fortbildung-des-bundes-deutscher-fussball-lehrer-e-v\\\/\",\"name\":\"Drei Senatoren bei Fortbildung des Bundes Deutscher Fu\u00dfball-Lehrer e.V. - DMS Deutsche Mundgesundheitsstiftung\",\"isPartOf\":{\"@id\":\"https:\\\/\\\/die-mundgesundheitsstiftung.de\\\/#website\"},\"primaryImageOfPage\":{\"@id\":\"https:\\\/\\\/die-mundgesundheitsstiftung.de\\\/drei-senatoren-bei-fortbildung-des-bundes-deutscher-fussball-lehrer-e-v\\\/#primaryimage\"},\"image\":{\"@id\":\"https:\\\/\\\/die-mundgesundheitsstiftung.de\\\/drei-senatoren-bei-fortbildung-des-bundes-deutscher-fussball-lehrer-e-v\\\/#primaryimage\"},\"thumbnailUrl\":\"https:\\\/\\\/die-mundgesundheitsstiftung.de\\\/wp-content\\\/uploads\\\/2025\\\/03\\\/BWDL.png\",\"datePublished\":\"2025-03-12T08:00:00+00:00\",\"dateModified\":\"2025-07-15T09:21:22+00:00\",\"author\":{\"@id\":\"https:\\\/\\\/die-mundgesundheitsstiftung.de\\\/#\\\/schema\\\/person\\\/c44950ce0d39445b5bec10f259fdc377\"},\"description\":\"H\u00f6here Leistungsf\u00e4higkeit, weniger Zahnverlust, und bessere Gesundheit durch pr\u00e4diktive Diagnostik aus Deutschland.\",\"breadcrumb\":{\"@id\":\"https:\\\/\\\/die-mundgesundheitsstiftung.de\\\/drei-senatoren-bei-fortbildung-des-bundes-deutscher-fussball-lehrer-e-v\\\/#breadcrumb\"},\"inLanguage\":\"en-US\",\"potentialAction\":[{\"@type\":\"ReadAction\",\"target\":[\"https:\\\/\\\/die-mundgesundheitsstiftung.de\\\/drei-senatoren-bei-fortbildung-des-bundes-deutscher-fussball-lehrer-e-v\\\/\"]}]},{\"@type\":\"ImageObject\",\"inLanguage\":\"en-US\",\"@id\":\"https:\\\/\\\/die-mundgesundheitsstiftung.de\\\/drei-senatoren-bei-fortbildung-des-bundes-deutscher-fussball-lehrer-e-v\\\/#primaryimage\",\"url\":\"https:\\\/\\\/die-mundgesundheitsstiftung.de\\\/wp-content\\\/uploads\\\/2025\\\/03\\\/BWDL.png\",\"contentUrl\":\"https:\\\/\\\/die-mundgesundheitsstiftung.de\\\/wp-content\\\/uploads\\\/2025\\\/03\\\/BWDL.png\",\"width\":1500,\"height\":1000},{\"@type\":\"BreadcrumbList\",\"@id\":\"https:\\\/\\\/die-mundgesundheitsstiftung.de\\\/drei-senatoren-bei-fortbildung-des-bundes-deutscher-fussball-lehrer-e-v\\\/#breadcrumb\",\"itemListElement\":[{\"@type\":\"ListItem\",\"position\":1,\"name\":\"Startseite\",\"item\":\"https:\\\/\\\/die-mundgesundheitsstiftung.de\\\/\"},{\"@type\":\"ListItem\",\"position\":2,\"name\":\"Drei Senatoren bei Fortbildung des Bundes Deutscher Fu\u00dfball-Lehrer e.V.\"}]},{\"@type\":\"WebSite\",\"@id\":\"https:\\\/\\\/die-mundgesundheitsstiftung.de\\\/#website\",\"url\":\"https:\\\/\\\/die-mundgesundheitsstiftung.de\\\/\",\"name\":\"DMS Deutsche Mundgesundheitsstiftung\",\"description\":\"DMS Deutsche Mundgesundheitsstiftung\",\"potentialAction\":[{\"@type\":\"SearchAction\",\"target\":{\"@type\":\"EntryPoint\",\"urlTemplate\":\"https:\\\/\\\/die-mundgesundheitsstiftung.de\\\/?s={search_term_string}\"},\"query-input\":{\"@type\":\"PropertyValueSpecification\",\"valueRequired\":true,\"valueName\":\"search_term_string\"}}],\"inLanguage\":\"en-US\"},{\"@type\":\"Person\",\"@id\":\"https:\\\/\\\/die-mundgesundheitsstiftung.de\\\/#\\\/schema\\\/person\\\/c44950ce0d39445b5bec10f259fdc377\",\"name\":\"Pia\",\"image\":{\"@type\":\"ImageObject\",\"inLanguage\":\"en-US\",\"@id\":\"https:\\\/\\\/secure.gravatar.com\\\/avatar\\\/bf8f98e6440d800f3126b9379c323c64cf9c847ebe2d46d64c1d74674ffd73cc?s=96&d=mm&r=g\",\"url\":\"https:\\\/\\\/secure.gravatar.com\\\/avatar\\\/bf8f98e6440d800f3126b9379c323c64cf9c847ebe2d46d64c1d74674ffd73cc?s=96&d=mm&r=g\",\"contentUrl\":\"https:\\\/\\\/secure.gravatar.com\\\/avatar\\\/bf8f98e6440d800f3126b9379c323c64cf9c847ebe2d46d64c1d74674ffd73cc?s=96&d=mm&r=g\",\"caption\":\"Pia\"},\"url\":\"https:\\\/\\\/die-mundgesundheitsstiftung.de\\\/en\\\/author\\\/pia\\\/\"}]}<\/script>\n<!-- \/ Yoast SEO plugin. -->","yoast_head_json":{"title":"Drei Senatoren bei Fortbildung des Bundes Deutscher Fu\u00dfball-Lehrer e.V. - DMS Deutsche Mundgesundheitsstiftung","description":"H\u00f6here Leistungsf\u00e4higkeit, weniger Zahnverlust, und bessere Gesundheit durch pr\u00e4diktive Diagnostik aus Deutschland.","robots":{"index":"index","follow":"follow","max-snippet":"max-snippet:-1","max-image-preview":"max-image-preview:large","max-video-preview":"max-video-preview:-1"},"canonical":"https:\/\/die-mundgesundheitsstiftung.de\/en\/drei-senatoren-bei-fortbildung-des-bundes-deutscher-fussball-lehrer-e-v\/","og_locale":"en_US","og_type":"article","og_title":"Drei Senatoren bei Fortbildung des Bundes Deutscher Fu\u00dfball-Lehrer e.V. - DMS Deutsche Mundgesundheitsstiftung","og_description":"H\u00f6here Leistungsf\u00e4higkeit, weniger Zahnverlust, und bessere Gesundheit durch pr\u00e4diktive Diagnostik aus Deutschland.","og_url":"https:\/\/die-mundgesundheitsstiftung.de\/en\/drei-senatoren-bei-fortbildung-des-bundes-deutscher-fussball-lehrer-e-v\/","og_site_name":"DMS Deutsche Mundgesundheitsstiftung","article_published_time":"2025-03-12T08:00:00+00:00","article_modified_time":"2025-07-15T09:21:22+00:00","og_image":[{"width":1024,"height":683,"url":"https:\/\/die-mundgesundheitsstiftung.de\/media\/2025\/03\/BWDL-1024x683.png","type":"image\/png"}],"author":"Pia","twitter_card":"summary_large_image","twitter_misc":{"Written by":"Pia","Est. reading time":"3 minutes"},"schema":{"@context":"https:\/\/schema.org","@graph":[{"@type":"Article","@id":"https:\/\/die-mundgesundheitsstiftung.de\/drei-senatoren-bei-fortbildung-des-bundes-deutscher-fussball-lehrer-e-v\/#article","isPartOf":{"@id":"https:\/\/die-mundgesundheitsstiftung.de\/drei-senatoren-bei-fortbildung-des-bundes-deutscher-fussball-lehrer-e-v\/"},"author":{"name":"Pia","@id":"https:\/\/die-mundgesundheitsstiftung.de\/#\/schema\/person\/c44950ce0d39445b5bec10f259fdc377"},"headline":"Drei Senatoren bei Fortbildung des Bundes Deutscher Fu\u00dfball-Lehrer e.V.","datePublished":"2025-03-12T08:00:00+00:00","dateModified":"2025-07-15T09:21:22+00:00","mainEntityOfPage":{"@id":"https:\/\/die-mundgesundheitsstiftung.de\/drei-senatoren-bei-fortbildung-des-bundes-deutscher-fussball-lehrer-e-v\/"},"wordCount":829,"image":{"@id":"https:\/\/die-mundgesundheitsstiftung.de\/drei-senatoren-bei-fortbildung-des-bundes-deutscher-fussball-lehrer-e-v\/#primaryimage"},"thumbnailUrl":"https:\/\/die-mundgesundheitsstiftung.de\/media\/2025\/03\/BWDL.png","articleSection":["News neu"],"inLanguage":"en-US"},{"@type":"WebPage","@id":"https:\/\/die-mundgesundheitsstiftung.de\/drei-senatoren-bei-fortbildung-des-bundes-deutscher-fussball-lehrer-e-v\/","url":"https:\/\/die-mundgesundheitsstiftung.de\/drei-senatoren-bei-fortbildung-des-bundes-deutscher-fussball-lehrer-e-v\/","name":"Drei Senatoren bei Fortbildung des Bundes Deutscher Fu\u00dfball-Lehrer e.V. - DMS Deutsche Mundgesundheitsstiftung","isPartOf":{"@id":"https:\/\/die-mundgesundheitsstiftung.de\/#website"},"primaryImageOfPage":{"@id":"https:\/\/die-mundgesundheitsstiftung.de\/drei-senatoren-bei-fortbildung-des-bundes-deutscher-fussball-lehrer-e-v\/#primaryimage"},"image":{"@id":"https:\/\/die-mundgesundheitsstiftung.de\/drei-senatoren-bei-fortbildung-des-bundes-deutscher-fussball-lehrer-e-v\/#primaryimage"},"thumbnailUrl":"https:\/\/die-mundgesundheitsstiftung.de\/media\/2025\/03\/BWDL.png","datePublished":"2025-03-12T08:00:00+00:00","dateModified":"2025-07-15T09:21:22+00:00","author":{"@id":"https:\/\/die-mundgesundheitsstiftung.de\/#\/schema\/person\/c44950ce0d39445b5bec10f259fdc377"},"description":"H\u00f6here Leistungsf\u00e4higkeit, weniger Zahnverlust, und bessere Gesundheit durch pr\u00e4diktive Diagnostik aus Deutschland.","breadcrumb":{"@id":"https:\/\/die-mundgesundheitsstiftung.de\/drei-senatoren-bei-fortbildung-des-bundes-deutscher-fussball-lehrer-e-v\/#breadcrumb"},"inLanguage":"en-US","potentialAction":[{"@type":"ReadAction","target":["https:\/\/die-mundgesundheitsstiftung.de\/drei-senatoren-bei-fortbildung-des-bundes-deutscher-fussball-lehrer-e-v\/"]}]},{"@type":"ImageObject","inLanguage":"en-US","@id":"https:\/\/die-mundgesundheitsstiftung.de\/drei-senatoren-bei-fortbildung-des-bundes-deutscher-fussball-lehrer-e-v\/#primaryimage","url":"https:\/\/die-mundgesundheitsstiftung.de\/media\/2025\/03\/BWDL.png","contentUrl":"https:\/\/die-mundgesundheitsstiftung.de\/media\/2025\/03\/BWDL.png","width":1500,"height":1000},{"@type":"BreadcrumbList","@id":"https:\/\/die-mundgesundheitsstiftung.de\/drei-senatoren-bei-fortbildung-des-bundes-deutscher-fussball-lehrer-e-v\/#breadcrumb","itemListElement":[{"@type":"ListItem","position":1,"name":"Startseite","item":"https:\/\/die-mundgesundheitsstiftung.de\/"},{"@type":"ListItem","position":2,"name":"Drei Senatoren bei Fortbildung des Bundes Deutscher Fu\u00dfball-Lehrer e.V."}]},{"@type":"WebSite","@id":"https:\/\/die-mundgesundheitsstiftung.de\/#website","url":"https:\/\/die-mundgesundheitsstiftung.de\/","name":"DMS Deutsche Mundgesundheitsstiftung","description":"DMS Deutsche Mundgesundheitsstiftung","potentialAction":[{"@type":"SearchAction","target":{"@type":"EntryPoint","urlTemplate":"https:\/\/die-mundgesundheitsstiftung.de\/?s={search_term_string}"},"query-input":{"@type":"PropertyValueSpecification","valueRequired":true,"valueName":"search_term_string"}}],"inLanguage":"en-US"},{"@type":"Person","@id":"https:\/\/die-mundgesundheitsstiftung.de\/#\/schema\/person\/c44950ce0d39445b5bec10f259fdc377","name":"Pia","image":{"@type":"ImageObject","inLanguage":"en-US","@id":"https:\/\/secure.gravatar.com\/avatar\/bf8f98e6440d800f3126b9379c323c64cf9c847ebe2d46d64c1d74674ffd73cc?s=96&d=mm&r=g","url":"https:\/\/secure.gravatar.com\/avatar\/bf8f98e6440d800f3126b9379c323c64cf9c847ebe2d46d64c1d74674ffd73cc?s=96&d=mm&r=g","contentUrl":"https:\/\/secure.gravatar.com\/avatar\/bf8f98e6440d800f3126b9379c323c64cf9c847ebe2d46d64c1d74674ffd73cc?s=96&d=mm&r=g","caption":"Pia"},"url":"https:\/\/die-mundgesundheitsstiftung.de\/en\/author\/pia\/"}]}},"_links":{"self":[{"href":"https:\/\/die-mundgesundheitsstiftung.de\/en\/wp-json\/wp\/v2\/posts\/27004499","targetHints":{"allow":["GET"]}}],"collection":[{"href":"https:\/\/die-mundgesundheitsstiftung.de\/en\/wp-json\/wp\/v2\/posts"}],"about":[{"href":"https:\/\/die-mundgesundheitsstiftung.de\/en\/wp-json\/wp\/v2\/types\/post"}],"author":[{"embeddable":true,"href":"https:\/\/die-mundgesundheitsstiftung.de\/en\/wp-json\/wp\/v2\/users\/24"}],"replies":[{"embeddable":true,"href":"https:\/\/die-mundgesundheitsstiftung.de\/en\/wp-json\/wp\/v2\/comments?post=27004499"}],"version-history":[{"count":7,"href":"https:\/\/die-mundgesundheitsstiftung.de\/en\/wp-json\/wp\/v2\/posts\/27004499\/revisions"}],"predecessor-version":[{"id":27004562,"href":"https:\/\/die-mundgesundheitsstiftung.de\/en\/wp-json\/wp\/v2\/posts\/27004499\/revisions\/27004562"}],"wp:featuredmedia":[{"embeddable":true,"href":"https:\/\/die-mundgesundheitsstiftung.de\/en\/wp-json\/wp\/v2\/media\/27004543"}],"wp:attachment":[{"href":"https:\/\/die-mundgesundheitsstiftung.de\/en\/wp-json\/wp\/v2\/media?parent=27004499"}],"wp:term":[{"taxonomy":"category","embeddable":true,"href":"https:\/\/die-mundgesundheitsstiftung.de\/en\/wp-json\/wp\/v2\/categories?post=27004499"},{"taxonomy":"post_tag","embeddable":true,"href":"https:\/\/die-mundgesundheitsstiftung.de\/en\/wp-json\/wp\/v2\/tags?post=27004499"},{"taxonomy":"dipi_cpt_category","embeddable":true,"href":"https:\/\/die-mundgesundheitsstiftung.de\/en\/wp-json\/wp\/v2\/dipi_cpt_category?post=27004499"}],"curies":[{"name":"wp","href":"https:\/\/api.w.org\/{rel}","templated":true}]}}