{"id":27587796,"date":"2026-06-25T18:48:00","date_gmt":"2026-06-25T16:48:00","guid":{"rendered":"https:\/\/die-mundgesundheitsstiftung.de\/?p=27587796"},"modified":"2026-09-02T19:02:52","modified_gmt":"2026-09-02T17:02:52","slug":"gesundheitssenat-bei-politikmeeting-in-berlin","status":"publish","type":"post","link":"https:\/\/die-mundgesundheitsstiftung.de\/en\/gesundheitssenat-bei-politikmeeting-in-berlin\/","title":{"rendered":"Gesundheitssenat bei Politikmeeting in Berlin"},"content":{"rendered":"<p>[et_pb_section fb_built=&#8221;1&#8243; admin_label=&#8221;section&#8221; _builder_version=&#8221;4.16&#8243; global_colors_info=&#8221;{}&#8221; theme_builder_area=&#8221;post_content&#8221;][et_pb_row admin_label=&#8221;row&#8221; _builder_version=&#8221;4.24.3&#8243; background_size=&#8221;initial&#8221; background_position=&#8221;top_left&#8221; background_repeat=&#8221;repeat&#8221; global_colors_info=&#8221;{}&#8221; theme_builder_area=&#8221;post_content&#8221;][et_pb_column type=&#8221;4_4&#8243; _builder_version=&#8221;4.16&#8243; custom_padding=&#8221;|||&#8221; global_colors_info=&#8221;{}&#8221; custom_padding__hover=&#8221;|||&#8221; theme_builder_area=&#8221;post_content&#8221;][et_pb_text admin_label=&#8221;Text&#8221; _builder_version=&#8221;4.27.7&#8243; background_size=&#8221;initial&#8221; background_position=&#8221;top_left&#8221; background_repeat=&#8221;repeat&#8221; custom_margin=&#8221;|||0px|false|false&#8221; hover_enabled=&#8221;0&#8243; header_font_size_tablet=&#8221;&#8221; header_font_size_phone=&#8221;25px&#8221; header_font_size_last_edited=&#8221;on|phone&#8221; header_2_font_size_tablet=&#8221;&#8221; header_2_font_size_phone=&#8221;25px&#8221; header_2_font_size_last_edited=&#8221;on|phone&#8221; global_colors_info=&#8221;{}&#8221; theme_builder_area=&#8221;post_content&#8221; sticky_enabled=&#8221;0&#8243;]<\/p>\n<div class=\"et_pb_module et_pb_text et_pb_text_0  et_pb_text_align_left et_pb_bg_layout_light\">\n<div class=\"et_pb_text_inner\">\n<p><strong>Zum Auftakt des Hauptstadtkongresses Medizin und Gesundheit 2026<\/strong><\/p>\n<h1><strong>Gesundheitssenat bei Politikmeeting in Berlin<\/strong><\/h1>\n<p><strong>Solingen\/Berlin, 25.6.2026<\/strong>\u00a0\u2013<\/p>\n<p>Zum Auftakt des Hauptstadtkongresses Medizin und Gesundheit trafen auch Vertreter des Gesundheitssenat der DMS und Vertreter des Senats der Wirtschaft, auf Einladung des langj\u00e4hrigen Bundestagsabgeordnete Oliver Grundmann am 22. Juni 2026 zu einem exklusiven Pre-Event in die internationale Wirtschaftskanzlei Dentons zusammen. Der Empfang fand in besonderer Atmosph\u00e4re, mit einem eindrucksvollen Blick auf den Gendarmenmarkt, \u00fcber den D\u00e4chern Berlins statt.\u00a0<\/p>\n<p>Er\u00f6ffnet wurde die Veranstaltung durch die Pflegebeauftragte der Bundesregierung, Katrin Staffler. Zu den weiteren G\u00e4sten z\u00e4hlten auch mehrere MdBs und Mitglieder der Regierung.\u00a0<\/p>\n<p>Im Rahmen der Kooperation mit dem Senat der Wirtschaft nahmen auch die Senatorin des Gesundheitssenats der Deutschen Mundgesundheitsstiftung, Sabine Hiemer sowie Dr. Christoph Br\u00fcssel, Kuratoriumsvorsitzender des Gesundheitssenats und Vorsitzender der Stiftung Senat der Wirtschaft, an dem Empfang teil.\u00a0<\/p>\n<p>Eine gute Gelegenheit, sich in pers\u00f6nlichem Rahmen \u00fcber aktuelle Herausforderungen und Zukunftsfragen des Gesundheitswesens auszutauschen, neue Impulse aufzunehmen und bestehende Kontakte zu vertiefen. Im Mittelpunkt standen insbesondere Fragen der zuk\u00fcnftigen Finanzierung und Umsetzung von Konzepten zur Gesundheitsvorsorge, Gesunderhaltung und Pflege.\u00a0<\/p>\n<p>Durch den interdisziplin\u00e4ren Austausch zwischen Akteurinnen und Akteuren aus Gesundheitswesen, Pflege, Forschung, Politik und Wirtschaft entwickelten sich eine lebendige und konstruktive Dialoge. Die unterschiedlichen Perspektiven machten deutlich, wie wichtig sektoren\u00fcbergreifende Netzwerke sind, um tragf\u00e4hige Konzepte f\u00fcr Pr\u00e4vention, Versorgung und Gesundheitsf\u00f6rderung weiterzuentwickeln.<\/p>\n<p>Zum Abschluss der Veranstaltung wurden Kontakte vertieft, gemeinsame Themen identifiziert und m\u00f6gliche zuk\u00fcnftige Kooperationen besprochen. Ziel ist es, Ideen nicht nur fachlich zu diskutieren, sondern sie in tragf\u00e4hige Strukturen und konkrete Projekte zu \u00fcberf\u00fchren.\u00a0<\/p>\n<p>Auch der kollegiale Austausch zwischen Senatorin Sabine Hiemer und dem Oberstarzt Dr. med. dent. Andreas Mund, Fachzahnarzt f\u00fcr Oralchirurgie als Klinischer Direktor der Abteilung Zahnmedizin im Bundeswehrkrankenhauses Berlin, f\u00fchrte an diesem Abend zu gemeinsamen Zielsetzungen. Im Fokus standen dabei die St\u00e4rkung des Berufsbildes der Dentalhygienikerinnen und Dentalhygieniker in Deutschland sowie die weitere Professionalisierung ihres Beitrags zur Pr\u00e4ventionszahnmedizin und der Gesundheitsf\u00f6rderung.<\/p>\n<\/div>\n<\/div>\n<p>[\/et_pb_text][dipi_carousel columns=&#8221;3&#8243; space_between=&#8221;31&#8243; loop_wide=&#8221;on&#8221; autoplay_wide=&#8221;on&#8221; pause_on_hover_wide=&#8221;on&#8221; loop_mid=&#8221;on&#8221; autoplay_mid=&#8221;on&#8221; pause_on_hover_mid=&#8221;on&#8221; loop_small=&#8221;on&#8221; autoplay_small=&#8221;on&#8221; pause_on_hover_small=&#8221;on&#8221; navigation=&#8221;on&#8221; pagination=&#8221;on&#8221; navigation_color=&#8221;#FE5E15&#8243; pagination_color=&#8221;#fe5e15&#8243; pagination_active_color=&#8221;#fe5e15&#8243; columns_tablet=&#8221;2&#8243; columns_phone=&#8221;1&#8243; columns_last_edited=&#8221;on|phone&#8221; space_between_tablet=&#8221;31&#8243; space_between_phone=&#8221;31&#8243; space_between_last_edited=&#8221;on|tablet&#8221; disabled_on=&#8221;off|off|off&#8221; _builder_version=&#8221;4.27.7&#8243; _module_preset=&#8221;default&#8221; custom_margin=&#8221;||75px||false|false&#8221; custom_margin_tablet=&#8221;||80px||false|false&#8221; custom_margin_phone=&#8221;-20px||60px||false|false&#8221; custom_margin_last_edited=&#8221;on|phone&#8221; hover_enabled=&#8221;0&#8243; locked=&#8221;off&#8221; global_colors_info=&#8221;{}&#8221; theme_builder_area=&#8221;post_content&#8221; sticky_enabled=&#8221;0&#8243;][dipi_carousel_child img_src=&#8221;https:\/\/die-mundgesundheitsstiftung.de\/media\/2026\/09\/6-cut.jpg&#8221; _builder_version=&#8221;4.27.7&#8243; _module_preset=&#8221;default&#8221; hover_enabled=&#8221;0&#8243; global_colors_info=&#8221;{}&#8221; theme_builder_area=&#8221;post_content&#8221; sticky_enabled=&#8221;0&#8243;][\/dipi_carousel_child][dipi_carousel_child img_src=&#8221;https:\/\/die-mundgesundheitsstiftung.de\/media\/2026\/09\/12-cut.jpg&#8221; _builder_version=&#8221;4.27.7&#8243; _module_preset=&#8221;default&#8221; hover_enabled=&#8221;0&#8243; global_colors_info=&#8221;{}&#8221; theme_builder_area=&#8221;post_content&#8221; sticky_enabled=&#8221;0&#8243;][\/dipi_carousel_child][dipi_carousel_child img_src=&#8221;https:\/\/die-mundgesundheitsstiftung.de\/media\/2026\/09\/8-cut.jpg&#8221; _builder_version=&#8221;4.27.7&#8243; _module_preset=&#8221;default&#8221; hover_enabled=&#8221;0&#8243; global_colors_info=&#8221;{}&#8221; theme_builder_area=&#8221;post_content&#8221; sticky_enabled=&#8221;0&#8243;][\/dipi_carousel_child][\/dipi_carousel][et_pb_text admin_label=&#8221;Text&#8221; _builder_version=&#8221;4.27.0&#8243; text_line_height=&#8221;1.6em&#8221; background_size=&#8221;initial&#8221; background_position=&#8221;top_left&#8221; background_repeat=&#8221;repeat&#8221; custom_margin=&#8221;|||0px|false|false&#8221; header_font_size_tablet=&#8221;&#8221; header_font_size_phone=&#8221;25px&#8221; header_font_size_last_edited=&#8221;on|phone&#8221; header_2_font_size_tablet=&#8221;&#8221; header_2_font_size_phone=&#8221;25px&#8221; header_2_font_size_last_edited=&#8221;on|phone&#8221; global_colors_info=&#8221;{}&#8221; theme_builder_area=&#8221;post_content&#8221;]<\/p>\n<div class=\"et_pb_module et_pb_text et_pb_text_0  et_pb_text_align_left et_pb_bg_layout_light\">\n<div class=\"et_pb_text_inner\">\n<p><span style=\"font-size: 14px;\">Deutsche Mundgesundheitsstiftung (DMS)<br \/><\/span>Bonner Str. 84<br \/>42697 Solingen<\/p>\n<p><strong>Kontakt f\u00fcr Medienanfragen:<\/strong><br \/>Antje Kassel &#8211;\u00a0Dipl.-Journ.<br \/>Tel. 0211-3020751<br \/>mobil 0170-6100669<br \/>E-Mail: <a href=\"mailto:antje.kassel@mundgesundheitsstiftung.de\">antje.kassel@mundgesundheitsstiftung.de<\/a><\/p>\n<\/div>\n<\/div>\n<p>[\/et_pb_text][\/et_pb_column][\/et_pb_row][\/et_pb_section]<\/p>\n","protected":false},"excerpt":{"rendered":"<p>Zum Auftakt des Hauptstadtkongresses Medizin und Gesundheit 2026 Gesundheitssenat bei Politikmeeting in Berlin Solingen\/Berlin, 25.6.2026\u00a0\u2013 Zum Auftakt des Hauptstadtkongresses Medizin und Gesundheit trafen auch Vertreter des Gesundheitssenat der DMS und Vertreter des Senats der Wirtschaft, auf Einladung des langj\u00e4hrigen Bundestagsabgeordnete Oliver Grundmann am 22. Juni 2026 zu einem exklusiven Pre-Event in die internationale Wirtschaftskanzlei Dentons [&hellip;]<\/p>\n","protected":false},"author":25,"featured_media":27587797,"comment_status":"closed","ping_status":"closed","sticky":false,"template":"","format":"standard","meta":{"_et_pb_use_builder":"on","_et_pb_old_content":"<!-- wp:paragraph -->\n<p>Lorem ipsum dolor sit amet, consectetur adipiscing elit. Aliquam dignissim iaculis sapien, in aliquet elit blandit id. Nam congue blandit odio ac sollicitudin. Ut nulla felis, ullamcorper ut nisi in, ultrices finibus eros. Vivamus gravida ullamcorper massa ut posuere. Curabitur faucibus, lacus vestibulum rhoncus viverra, nibh quam pellentesque ligula, eget lacinia quam ligula in eros. Proin eu lacinia massa, et maximus orci. Curabitur sed maximus sapien, eget venenatis leo. Mauris massa enim, aliquam id sem nec, dictum maximus diam. Nullam ipsum purus, lobortis a tincidunt vel, vulputate vel sem. Aliquam metus risus, cursus ac suscipit in, rhoncus blandit risus. Nullam vestibulum quis odio at ultrices. Sed eget aliquet nisi, ultrices vestibulum ligula. Nunc eros orci, vehicula in diam ac, pharetra viverra erat.<\/p>\n<!-- \/wp:paragraph -->\n\n<!-- wp:heading -->\n<h2>Curabitur faucibus lacus vestibulum rhoncus<\/h2>\n<!-- \/wp:heading -->\n\n<!-- wp:paragraph -->\n<p>Nam in pulvinar tortor, quis mattis ex. In eget nisi felis. In quis ultrices neque, mattis finibus arcu. Morbi nec tortor elementum, varius metus vel, venenatis quam. Mauris id justo at libero porta molestie sed et turpis. Mauris auctor neque augue, a ornare justo eleifend eget. Etiam ac rutrum diam, non eleifend felis. Proin euismod molestie finibus. Suspendisse imperdiet lorem eu varius luctus. Curabitur laoreet leo magna, vitae fermentum turpis tristique at. Morbi mattis maximus venenatis.<\/p>\n<!-- \/wp:paragraph -->\n\n<!-- wp:quote -->\n<blockquote class=\"wp-block-quote\"><p>Quisque nec tellus vel felis fringilla aliquet a eu leo. Etiam facilisis at risus placerat fringilla. Ut maximus cursus tortor, vitae malesuada turpis viverra in. Sed mollis sapien nec elit tempor, in pretium sem pharetra. Nam sollicitudin pulvinar sagittis. Praesent pellentesque sem quis tortor porttitor pellentesque. Sed convallis sagittis ex, eget lobortis libero blandit et. Proin ultrices malesuada quam ut varius.<\/p><\/blockquote>\n<!-- \/wp:quote -->\n\n<!-- wp:paragraph -->\n<p>Phasellus bibendum tempus viverra. Sed eget ligula elit. Phasellus sit amet mi consectetur neque pharetra facilisis non vel orci. Curabitur urna sapien, viverra ac maximus sed, cursus at turpis. Aliquam tempus, diam in maximus fringilla, nunc velit rhoncus mauris, at mattis ipsum justo malesuada lectus. Quisque porttitor efficitur ligula, ac sodales sapien semper laoreet. Maecenas et sollicitudin nisi. Suspendisse potenti. Sed quis ullamcorper sem. Sed placerat purus justo, ac luctus lorem cursus vitae. Aliquam commodo egestas nisl, non luctus leo bibendum imperdiet. Vestibulum ante ipsum primis in faucibus orci luctus et ultrices posuere cubilia curae.<\/p>\n<!-- \/wp:paragraph -->\n\n<!-- wp:heading -->\n<h2>Lorem ipsum dolor sit amet.<\/h2>\n<!-- \/wp:heading -->\n\n<!-- wp:list -->\n<ul><li>Etiam interdum sapien ac lorem eleifend finibus. In elit risus,<\/li><li>Feugiat ultrices diam cursus, laoreet ultricies lectus. Etiam ultrices metus risus,<\/li><li>A hendrerit mi finibus quis. Pellentesque vel velit est,<\/li><li>Suspendisse varius odio nec dui rhoncus, quis mattis tortor egestas.<\/li><li>Vivamus hendrerit dui non malesuada fermentum.<\/li><li>Sed elementum varius metus ut facilisis. Ut consectetur volutpat facilisis.<\/li><li>Curabitur placerat felis a magna scelerisque aliquet.<\/li><li>Ut sit amet mauris vulputate, consequat quam id, accumsan massa.<\/li><\/ul>\n<!-- \/wp:list -->\n\n<!-- wp:paragraph -->\n<p>Nunc vestibulum felis eget erat tincidunt laoreet. Nunc eu dui id nunc ullamcorper posuere in nec dolor. Curabitur quis justo ac nisl varius sollicitudin. Nunc finibus, ex non varius lobortis, justo augue imperdiet risus, vitae sollicitudin diam purus in nibh. Cras at ullamcorper magna. Maecenas bibendum fringilla tellus, et blandit nisi imperdiet vulputate. Etiam in mi malesuada, bibendum ipsum eget, elementum libero. Mauris pellentesque orci nisi, ac imperdiet velit commodo a. Aenean tempor justo eget lorem consequat, a lobortis diam condimentum. Cras scelerisque orci at neque porta vulputate. Vestibulum fringilla urna a justo pretium, quis convallis lacus commodo. Integer et libero sed neque dapibus sagittis non vitae augue. Nam varius, magna efficitur rhoncus rutrum, tortor augue eleifend sem, in dictum lorem massa et eros.<\/p>\n<!-- \/wp:paragraph -->","_et_gb_content_width":"","footnotes":""},"categories":[76],"tags":[],"dipi_cpt_category":[],"class_list":["post-27587796","post","type-post","status-publish","format-standard","has-post-thumbnail","hentry","category-news-neu"],"yoast_head":"<!-- This site is optimized with the Yoast SEO plugin v28.4 - https:\/\/yoast.com\/product\/yoast-seo-wordpress\/ -->\n<title>Gesundheitssenat bei Politikmeeting in Berlin - DMS Deutsche Mundgesundheitsstiftung<\/title>\n<meta name=\"description\" content=\"H\u00f6here Leistungsf\u00e4higkeit, weniger Zahnverlust, und bessere Gesundheit durch pr\u00e4diktive Diagnostik aus Deutschland.\" \/>\n<meta name=\"robots\" content=\"index, follow, max-snippet:-1, max-image-preview:large, max-video-preview:-1\" \/>\n<link rel=\"canonical\" href=\"https:\/\/die-mundgesundheitsstiftung.de\/en\/gesundheitssenat-bei-politikmeeting-in-berlin\/\" \/>\n<meta property=\"og:locale\" content=\"en_US\" \/>\n<meta property=\"og:type\" content=\"article\" \/>\n<meta property=\"og:title\" content=\"Gesundheitssenat bei Politikmeeting in Berlin - DMS Deutsche Mundgesundheitsstiftung\" \/>\n<meta property=\"og:description\" content=\"H\u00f6here Leistungsf\u00e4higkeit, weniger Zahnverlust, und bessere Gesundheit durch pr\u00e4diktive Diagnostik aus Deutschland.\" \/>\n<meta property=\"og:url\" content=\"https:\/\/die-mundgesundheitsstiftung.de\/en\/gesundheitssenat-bei-politikmeeting-in-berlin\/\" \/>\n<meta property=\"og:site_name\" content=\"DMS Deutsche Mundgesundheitsstiftung\" \/>\n<meta property=\"article:published_time\" content=\"2026-06-25T16:48:00+00:00\" \/>\n<meta property=\"article:modified_time\" content=\"2026-09-02T17:02:52+00:00\" \/>\n<meta property=\"og:image\" content=\"https:\/\/die-mundgesundheitsstiftung.de\/media\/2026\/09\/1-cut.jpg\" \/>\n\t<meta property=\"og:image:width\" content=\"854\" \/>\n\t<meta property=\"og:image:height\" content=\"569\" \/>\n\t<meta property=\"og:image:type\" content=\"image\/jpeg\" \/>\n<meta name=\"author\" content=\"Helge\" \/>\n<meta name=\"twitter:card\" content=\"summary_large_image\" \/>\n<meta name=\"twitter:label1\" content=\"Written by\" \/>\n\t<meta name=\"twitter:data1\" content=\"Helge\" \/>\n\t<meta name=\"twitter:label2\" content=\"Est. reading time\" \/>\n\t<meta name=\"twitter:data2\" content=\"6 minutes\" \/>\n<script type=\"application\/ld+json\" class=\"yoast-schema-graph\">{\"@context\":\"https:\\\/\\\/schema.org\",\"@graph\":[{\"@type\":\"Article\",\"@id\":\"https:\\\/\\\/die-mundgesundheitsstiftung.de\\\/gesundheitssenat-bei-politikmeeting-in-berlin\\\/#article\",\"isPartOf\":{\"@id\":\"https:\\\/\\\/die-mundgesundheitsstiftung.de\\\/gesundheitssenat-bei-politikmeeting-in-berlin\\\/\"},\"author\":{\"name\":\"Helge\",\"@id\":\"https:\\\/\\\/die-mundgesundheitsstiftung.de\\\/#\\\/schema\\\/person\\\/5017fa7297e6073be8182626d4c01b5a\"},\"headline\":\"Gesundheitssenat bei Politikmeeting in Berlin\",\"datePublished\":\"2026-06-25T16:48:00+00:00\",\"dateModified\":\"2026-09-02T17:02:52+00:00\",\"mainEntityOfPage\":{\"@id\":\"https:\\\/\\\/die-mundgesundheitsstiftung.de\\\/gesundheitssenat-bei-politikmeeting-in-berlin\\\/\"},\"wordCount\":795,\"image\":{\"@id\":\"https:\\\/\\\/die-mundgesundheitsstiftung.de\\\/gesundheitssenat-bei-politikmeeting-in-berlin\\\/#primaryimage\"},\"thumbnailUrl\":\"https:\\\/\\\/die-mundgesundheitsstiftung.de\\\/wp-content\\\/uploads\\\/2026\\\/09\\\/1-cut.jpg\",\"articleSection\":[\"News neu\"],\"inLanguage\":\"en-US\"},{\"@type\":\"WebPage\",\"@id\":\"https:\\\/\\\/die-mundgesundheitsstiftung.de\\\/gesundheitssenat-bei-politikmeeting-in-berlin\\\/\",\"url\":\"https:\\\/\\\/die-mundgesundheitsstiftung.de\\\/gesundheitssenat-bei-politikmeeting-in-berlin\\\/\",\"name\":\"Gesundheitssenat bei Politikmeeting in Berlin - DMS Deutsche Mundgesundheitsstiftung\",\"isPartOf\":{\"@id\":\"https:\\\/\\\/die-mundgesundheitsstiftung.de\\\/#website\"},\"primaryImageOfPage\":{\"@id\":\"https:\\\/\\\/die-mundgesundheitsstiftung.de\\\/gesundheitssenat-bei-politikmeeting-in-berlin\\\/#primaryimage\"},\"image\":{\"@id\":\"https:\\\/\\\/die-mundgesundheitsstiftung.de\\\/gesundheitssenat-bei-politikmeeting-in-berlin\\\/#primaryimage\"},\"thumbnailUrl\":\"https:\\\/\\\/die-mundgesundheitsstiftung.de\\\/wp-content\\\/uploads\\\/2026\\\/09\\\/1-cut.jpg\",\"datePublished\":\"2026-06-25T16:48:00+00:00\",\"dateModified\":\"2026-09-02T17:02:52+00:00\",\"author\":{\"@id\":\"https:\\\/\\\/die-mundgesundheitsstiftung.de\\\/#\\\/schema\\\/person\\\/5017fa7297e6073be8182626d4c01b5a\"},\"description\":\"H\u00f6here Leistungsf\u00e4higkeit, weniger Zahnverlust, und bessere Gesundheit durch pr\u00e4diktive Diagnostik aus Deutschland.\",\"breadcrumb\":{\"@id\":\"https:\\\/\\\/die-mundgesundheitsstiftung.de\\\/gesundheitssenat-bei-politikmeeting-in-berlin\\\/#breadcrumb\"},\"inLanguage\":\"en-US\",\"potentialAction\":[{\"@type\":\"ReadAction\",\"target\":[\"https:\\\/\\\/die-mundgesundheitsstiftung.de\\\/gesundheitssenat-bei-politikmeeting-in-berlin\\\/\"]}]},{\"@type\":\"ImageObject\",\"inLanguage\":\"en-US\",\"@id\":\"https:\\\/\\\/die-mundgesundheitsstiftung.de\\\/gesundheitssenat-bei-politikmeeting-in-berlin\\\/#primaryimage\",\"url\":\"https:\\\/\\\/die-mundgesundheitsstiftung.de\\\/wp-content\\\/uploads\\\/2026\\\/09\\\/1-cut.jpg\",\"contentUrl\":\"https:\\\/\\\/die-mundgesundheitsstiftung.de\\\/wp-content\\\/uploads\\\/2026\\\/09\\\/1-cut.jpg\",\"width\":854,\"height\":569},{\"@type\":\"BreadcrumbList\",\"@id\":\"https:\\\/\\\/die-mundgesundheitsstiftung.de\\\/gesundheitssenat-bei-politikmeeting-in-berlin\\\/#breadcrumb\",\"itemListElement\":[{\"@type\":\"ListItem\",\"position\":1,\"name\":\"Startseite\",\"item\":\"https:\\\/\\\/die-mundgesundheitsstiftung.de\\\/\"},{\"@type\":\"ListItem\",\"position\":2,\"name\":\"Gesundheitssenat bei Politikmeeting in Berlin\"}]},{\"@type\":\"WebSite\",\"@id\":\"https:\\\/\\\/die-mundgesundheitsstiftung.de\\\/#website\",\"url\":\"https:\\\/\\\/die-mundgesundheitsstiftung.de\\\/\",\"name\":\"DMS Deutsche Mundgesundheitsstiftung\",\"description\":\"DMS Deutsche Mundgesundheitsstiftung\",\"potentialAction\":[{\"@type\":\"SearchAction\",\"target\":{\"@type\":\"EntryPoint\",\"urlTemplate\":\"https:\\\/\\\/die-mundgesundheitsstiftung.de\\\/?s={search_term_string}\"},\"query-input\":{\"@type\":\"PropertyValueSpecification\",\"valueRequired\":true,\"valueName\":\"search_term_string\"}}],\"inLanguage\":\"en-US\"},{\"@type\":\"Person\",\"@id\":\"https:\\\/\\\/die-mundgesundheitsstiftung.de\\\/#\\\/schema\\\/person\\\/5017fa7297e6073be8182626d4c01b5a\",\"name\":\"Helge\",\"image\":{\"@type\":\"ImageObject\",\"inLanguage\":\"en-US\",\"@id\":\"https:\\\/\\\/secure.gravatar.com\\\/avatar\\\/92d29bcec83733602ae817e6676c6064e280586395b431a7f4e14ff63bdf2a64?s=96&d=mm&r=g\",\"url\":\"https:\\\/\\\/secure.gravatar.com\\\/avatar\\\/92d29bcec83733602ae817e6676c6064e280586395b431a7f4e14ff63bdf2a64?s=96&d=mm&r=g\",\"contentUrl\":\"https:\\\/\\\/secure.gravatar.com\\\/avatar\\\/92d29bcec83733602ae817e6676c6064e280586395b431a7f4e14ff63bdf2a64?s=96&d=mm&r=g\",\"caption\":\"Helge\"},\"url\":\"https:\\\/\\\/die-mundgesundheitsstiftung.de\\\/en\\\/author\\\/helge\\\/\"}]}<\/script>\n<!-- \/ Yoast SEO plugin. -->","yoast_head_json":{"title":"Gesundheitssenat bei Politikmeeting in Berlin - DMS Deutsche Mundgesundheitsstiftung","description":"H\u00f6here Leistungsf\u00e4higkeit, weniger Zahnverlust, und bessere Gesundheit durch pr\u00e4diktive Diagnostik aus Deutschland.","robots":{"index":"index","follow":"follow","max-snippet":"max-snippet:-1","max-image-preview":"max-image-preview:large","max-video-preview":"max-video-preview:-1"},"canonical":"https:\/\/die-mundgesundheitsstiftung.de\/en\/gesundheitssenat-bei-politikmeeting-in-berlin\/","og_locale":"en_US","og_type":"article","og_title":"Gesundheitssenat bei Politikmeeting in Berlin - DMS Deutsche Mundgesundheitsstiftung","og_description":"H\u00f6here Leistungsf\u00e4higkeit, weniger Zahnverlust, und bessere Gesundheit durch pr\u00e4diktive Diagnostik aus Deutschland.","og_url":"https:\/\/die-mundgesundheitsstiftung.de\/en\/gesundheitssenat-bei-politikmeeting-in-berlin\/","og_site_name":"DMS Deutsche Mundgesundheitsstiftung","article_published_time":"2026-06-25T16:48:00+00:00","article_modified_time":"2026-09-02T17:02:52+00:00","og_image":[{"width":854,"height":569,"url":"https:\/\/die-mundgesundheitsstiftung.de\/media\/2026\/09\/1-cut.jpg","type":"image\/jpeg"}],"author":"Helge","twitter_card":"summary_large_image","twitter_misc":{"Written by":"Helge","Est. reading time":"6 minutes"},"schema":{"@context":"https:\/\/schema.org","@graph":[{"@type":"Article","@id":"https:\/\/die-mundgesundheitsstiftung.de\/gesundheitssenat-bei-politikmeeting-in-berlin\/#article","isPartOf":{"@id":"https:\/\/die-mundgesundheitsstiftung.de\/gesundheitssenat-bei-politikmeeting-in-berlin\/"},"author":{"name":"Helge","@id":"https:\/\/die-mundgesundheitsstiftung.de\/#\/schema\/person\/5017fa7297e6073be8182626d4c01b5a"},"headline":"Gesundheitssenat bei Politikmeeting in Berlin","datePublished":"2026-06-25T16:48:00+00:00","dateModified":"2026-09-02T17:02:52+00:00","mainEntityOfPage":{"@id":"https:\/\/die-mundgesundheitsstiftung.de\/gesundheitssenat-bei-politikmeeting-in-berlin\/"},"wordCount":795,"image":{"@id":"https:\/\/die-mundgesundheitsstiftung.de\/gesundheitssenat-bei-politikmeeting-in-berlin\/#primaryimage"},"thumbnailUrl":"https:\/\/die-mundgesundheitsstiftung.de\/media\/2026\/09\/1-cut.jpg","articleSection":["News neu"],"inLanguage":"en-US"},{"@type":"WebPage","@id":"https:\/\/die-mundgesundheitsstiftung.de\/gesundheitssenat-bei-politikmeeting-in-berlin\/","url":"https:\/\/die-mundgesundheitsstiftung.de\/gesundheitssenat-bei-politikmeeting-in-berlin\/","name":"Gesundheitssenat bei Politikmeeting in Berlin - DMS Deutsche Mundgesundheitsstiftung","isPartOf":{"@id":"https:\/\/die-mundgesundheitsstiftung.de\/#website"},"primaryImageOfPage":{"@id":"https:\/\/die-mundgesundheitsstiftung.de\/gesundheitssenat-bei-politikmeeting-in-berlin\/#primaryimage"},"image":{"@id":"https:\/\/die-mundgesundheitsstiftung.de\/gesundheitssenat-bei-politikmeeting-in-berlin\/#primaryimage"},"thumbnailUrl":"https:\/\/die-mundgesundheitsstiftung.de\/media\/2026\/09\/1-cut.jpg","datePublished":"2026-06-25T16:48:00+00:00","dateModified":"2026-09-02T17:02:52+00:00","author":{"@id":"https:\/\/die-mundgesundheitsstiftung.de\/#\/schema\/person\/5017fa7297e6073be8182626d4c01b5a"},"description":"H\u00f6here Leistungsf\u00e4higkeit, weniger Zahnverlust, und bessere Gesundheit durch pr\u00e4diktive Diagnostik aus Deutschland.","breadcrumb":{"@id":"https:\/\/die-mundgesundheitsstiftung.de\/gesundheitssenat-bei-politikmeeting-in-berlin\/#breadcrumb"},"inLanguage":"en-US","potentialAction":[{"@type":"ReadAction","target":["https:\/\/die-mundgesundheitsstiftung.de\/gesundheitssenat-bei-politikmeeting-in-berlin\/"]}]},{"@type":"ImageObject","inLanguage":"en-US","@id":"https:\/\/die-mundgesundheitsstiftung.de\/gesundheitssenat-bei-politikmeeting-in-berlin\/#primaryimage","url":"https:\/\/die-mundgesundheitsstiftung.de\/media\/2026\/09\/1-cut.jpg","contentUrl":"https:\/\/die-mundgesundheitsstiftung.de\/media\/2026\/09\/1-cut.jpg","width":854,"height":569},{"@type":"BreadcrumbList","@id":"https:\/\/die-mundgesundheitsstiftung.de\/gesundheitssenat-bei-politikmeeting-in-berlin\/#breadcrumb","itemListElement":[{"@type":"ListItem","position":1,"name":"Startseite","item":"https:\/\/die-mundgesundheitsstiftung.de\/"},{"@type":"ListItem","position":2,"name":"Gesundheitssenat bei Politikmeeting in Berlin"}]},{"@type":"WebSite","@id":"https:\/\/die-mundgesundheitsstiftung.de\/#website","url":"https:\/\/die-mundgesundheitsstiftung.de\/","name":"DMS Deutsche Mundgesundheitsstiftung","description":"DMS Deutsche Mundgesundheitsstiftung","potentialAction":[{"@type":"SearchAction","target":{"@type":"EntryPoint","urlTemplate":"https:\/\/die-mundgesundheitsstiftung.de\/?s={search_term_string}"},"query-input":{"@type":"PropertyValueSpecification","valueRequired":true,"valueName":"search_term_string"}}],"inLanguage":"en-US"},{"@type":"Person","@id":"https:\/\/die-mundgesundheitsstiftung.de\/#\/schema\/person\/5017fa7297e6073be8182626d4c01b5a","name":"Helge","image":{"@type":"ImageObject","inLanguage":"en-US","@id":"https:\/\/secure.gravatar.com\/avatar\/92d29bcec83733602ae817e6676c6064e280586395b431a7f4e14ff63bdf2a64?s=96&d=mm&r=g","url":"https:\/\/secure.gravatar.com\/avatar\/92d29bcec83733602ae817e6676c6064e280586395b431a7f4e14ff63bdf2a64?s=96&d=mm&r=g","contentUrl":"https:\/\/secure.gravatar.com\/avatar\/92d29bcec83733602ae817e6676c6064e280586395b431a7f4e14ff63bdf2a64?s=96&d=mm&r=g","caption":"Helge"},"url":"https:\/\/die-mundgesundheitsstiftung.de\/en\/author\/helge\/"}]}},"_links":{"self":[{"href":"https:\/\/die-mundgesundheitsstiftung.de\/en\/wp-json\/wp\/v2\/posts\/27587796","targetHints":{"allow":["GET"]}}],"collection":[{"href":"https:\/\/die-mundgesundheitsstiftung.de\/en\/wp-json\/wp\/v2\/posts"}],"about":[{"href":"https:\/\/die-mundgesundheitsstiftung.de\/en\/wp-json\/wp\/v2\/types\/post"}],"author":[{"embeddable":true,"href":"https:\/\/die-mundgesundheitsstiftung.de\/en\/wp-json\/wp\/v2\/users\/25"}],"replies":[{"embeddable":true,"href":"https:\/\/die-mundgesundheitsstiftung.de\/en\/wp-json\/wp\/v2\/comments?post=27587796"}],"version-history":[{"count":5,"href":"https:\/\/die-mundgesundheitsstiftung.de\/en\/wp-json\/wp\/v2\/posts\/27587796\/revisions"}],"predecessor-version":[{"id":27587808,"href":"https:\/\/die-mundgesundheitsstiftung.de\/en\/wp-json\/wp\/v2\/posts\/27587796\/revisions\/27587808"}],"wp:featuredmedia":[{"embeddable":true,"href":"https:\/\/die-mundgesundheitsstiftung.de\/en\/wp-json\/wp\/v2\/media\/27587797"}],"wp:attachment":[{"href":"https:\/\/die-mundgesundheitsstiftung.de\/en\/wp-json\/wp\/v2\/media?parent=27587796"}],"wp:term":[{"taxonomy":"category","embeddable":true,"href":"https:\/\/die-mundgesundheitsstiftung.de\/en\/wp-json\/wp\/v2\/categories?post=27587796"},{"taxonomy":"post_tag","embeddable":true,"href":"https:\/\/die-mundgesundheitsstiftung.de\/en\/wp-json\/wp\/v2\/tags?post=27587796"},{"taxonomy":"dipi_cpt_category","embeddable":true,"href":"https:\/\/die-mundgesundheitsstiftung.de\/en\/wp-json\/wp\/v2\/dipi_cpt_category?post=27587796"}],"curies":[{"name":"wp","href":"https:\/\/api.w.org\/{rel}","templated":true}]}}