{"id":27587815,"date":"2026-09-03T19:03:43","date_gmt":"2026-09-03T17:03:43","guid":{"rendered":"https:\/\/die-mundgesundheitsstiftung.de\/?p=27587815"},"modified":"2026-09-03T19:09:37","modified_gmt":"2026-09-03T17:09:37","slug":"mdb-prof-hendrik-streeck-im-dialog-mit-dem-gesundheitssenat","status":"publish","type":"post","link":"https:\/\/die-mundgesundheitsstiftung.de\/en\/mdb-prof-hendrik-streeck-im-dialog-mit-dem-gesundheitssenat\/","title":{"rendered":"MdB Prof. Hendrik Streeck im Dialog mit dem GesundheitsSenat"},"content":{"rendered":"\n[et_pb_section fb_built=&#8221;1&#8243; admin_label=&#8221;section&#8221; _builder_version=&#8221;4.16&#8243; global_colors_info=&#8221;{}&#8221; theme_builder_area=&#8221;post_content&#8221;][et_pb_row admin_label=&#8221;row&#8221; _builder_version=&#8221;4.24.3&#8243; background_size=&#8221;initial&#8221; background_position=&#8221;top_left&#8221; background_repeat=&#8221;repeat&#8221; global_colors_info=&#8221;{}&#8221; theme_builder_area=&#8221;post_content&#8221;][et_pb_column type=&#8221;4_4&#8243; _builder_version=&#8221;4.16&#8243; custom_padding=&#8221;|||&#8221; global_colors_info=&#8221;{}&#8221; custom_padding__hover=&#8221;|||&#8221; theme_builder_area=&#8221;post_content&#8221;][et_pb_text admin_label=&#8221;Text&#8221; _builder_version=&#8221;4.27.7&#8243; background_size=&#8221;initial&#8221; background_position=&#8221;top_left&#8221; background_repeat=&#8221;repeat&#8221; custom_margin=&#8221;|||0px|false|false&#8221; hover_enabled=&#8221;0&#8243; header_font_size_tablet=&#8221;&#8221; header_font_size_phone=&#8221;25px&#8221; header_font_size_last_edited=&#8221;on|phone&#8221; header_2_font_size_tablet=&#8221;&#8221; header_2_font_size_phone=&#8221;25px&#8221; header_2_font_size_last_edited=&#8221;on|phone&#8221; global_colors_info=&#8221;{}&#8221; theme_builder_area=&#8221;post_content&#8221; sticky_enabled=&#8221;0&#8243;]<h4>Prof. Hendrik Streeck im Dialog mit dem Gesundheitssenat der DMS\u00a0<\/h4>\n<h2><strong>Pr\u00e4vention als notwendige L\u00f6sung im Gesundheitssystem<\/strong>\u00a0<\/h2>\n<p>Der bekannte Arzt und Virologe <strong>Prof. Dr. Hendrik Streeck<\/strong>, seit 2025 <strong>MdB sowie Beauftragter der Bundesregierung f\u00fcr Sucht- und Drogenfragen<\/strong>, traf sich zum Dialog mit dem GesundheitsSenat der Deutschen Mundgesundheitsstiftung \u00fcber Fragen der gro\u00dfen Herausforderungen im Bereich Gesundheit und Pflege.\u00a0<\/p>\n<p>In einem gut strukturierten Eingangsimpuls zeigte Streeck plausibel auf, wie wichtig ein Weg aus der systemischen \u201eReparaturmedizin\u201c zu einer vorsorgenden und <strong>evidenzbasierten Pr\u00e4vention<\/strong>, als regelhafte Normalit\u00e4t sein w\u00fcrde.\u00a0<\/p>\n<p>Der Politiker bekannte sich zu Schw\u00e4chen der fehlenden Honorierung bei der Gesunderhaltung der Menschen. Ebenso beschrieb er das Dilemma im politischen Diskurs, denn ausbleibende Krankheit oder vermiedene Sch\u00e4den seien jeweils komplizierter als Beleg von Erfolgen darstellbar, als eine erfolgte Heilung vorheriger Beeintr\u00e4chtigung.\u00a0<\/p>\n<p>Als Wissenschaftler und Arzt kann Streeck jedoch die dramatischen Folgen der mangelnden Vorsorge, zu sp\u00e4ter Erkennung von Risiken und ebenso falschen Konsum von Tabak oder Drogen zielgenau einsch\u00e4tzen.\u00a0<\/p>\n<p>Im Dialog mit den Senatorinnen und Senatoren, die mehrheitlich eine gute Expertise im Gesundheitsbereich haben, bestand \u00fcberwiegend Konsens, die M\u00f6glichkeiten der Pr\u00e4vention deutlich \u00fcber bisherige Angebote ausweiten zu m\u00fcssen.\u00a0<\/p>\n<p>Mehrfach genannt wurde<\/p>\n<ul>\n<li>eine Professionalisierung der <strong>betrieblichen Gesundheitsvorsorge<\/strong>,<\/li>\n<li>die Schaffung oder Verbesserung von <strong>Versicherungsangeboten<\/strong>,<\/li>\n<li>die vorausschauende <strong>diagnostische Beratung und Betreuung<\/strong> auch durch private Initiativen, wie <strong>Unternehmensvorsorge<\/strong> f\u00fcr Mitarbeitende und<\/li>\n<li>die <strong>fr\u00fchkindliche Bildung<\/strong> zu den Themen der pr\u00e4ventiven Gesundheitspflege.<\/li>\n<li>Zudem wurde auch die <strong>akademische Lehre<\/strong> als Reformm\u00f6glichkeit angesprochen.<\/li>\n<\/ul>\n<p>MdB Prof. Streeck zeigte sich sehr offen f\u00fcr die praktischen Erfahrungen aus Unternehmen und weitere Impulse zu M\u00f6glichkeiten einer evidenzbasierten Pr\u00e4vention. Er sagte zu, solche Vorschl\u00e4ge auch in die parlamentarischen Gremien mit einzubringen.\u00a0<\/p>\n<p>Seitens der Gesundheitskommission konnten der Vorsitzende der DMS Stiftung <strong>Dirk Gieselmann<\/strong> und Kuratoriumsvorsitzender <strong>Dr. Christoph Br\u00fcssel<\/strong>, zugleich Vorstand Senat der Wirtschaft, ank\u00fcndigen, konkrete Regelungsvorschl\u00e4ge und L\u00f6sungsimpulse, mit der Expertise mehrerer Senatorinnen und Senatoren ausarbeiten zu k\u00f6nnen und im weiteren Dialog mit dem Bundestagsabgeordneten und Beauftragten der Bundesregierung vorzustellen. Das wird gemeinsam mit dem Senat der Wirtschaft erfolgen, der ideeller Partner der DMS ist.\u00a0<\/p>\n<p>Dabei ist die besondere Positionierung, als gemeinwohlorientiert und nicht bestimmt durch die Vertretung von Einzelinteressen, als bemerkenswert und hilfreich bezeichnet worden. Streeck hatte auch \u00fcber die Lobbyarbeit aus Industrie und Interessensvertretungen gesprochen. Er bezeichnete diese als teilweise hilfreich, jedoch in Einzelf\u00e4llen auch als kritisch. Unabh\u00e4ngige Positionen und Erkenntnisse der praktischen Erfahrung seien willkommen.<\/p>[\/et_pb_text][et_pb_text admin_label=&#8221;Text&#8221; _builder_version=&#8221;4.27.0&#8243; text_line_height=&#8221;1.6em&#8221; background_size=&#8221;initial&#8221; background_position=&#8221;top_left&#8221; background_repeat=&#8221;repeat&#8221; custom_margin=&#8221;|||0px|false|false&#8221; header_font_size_tablet=&#8221;&#8221; header_font_size_phone=&#8221;25px&#8221; header_font_size_last_edited=&#8221;on|phone&#8221; header_2_font_size_tablet=&#8221;&#8221; header_2_font_size_phone=&#8221;25px&#8221; header_2_font_size_last_edited=&#8221;on|phone&#8221; global_colors_info=&#8221;{}&#8221; theme_builder_area=&#8221;post_content&#8221;]<div class=\"et_pb_module et_pb_text et_pb_text_0  et_pb_text_align_left et_pb_bg_layout_light\">\n<div class=\"et_pb_text_inner\">\n<p><span style=\"font-size: 14px;\">Deutsche Mundgesundheitsstiftung (DMS)<br \/><\/span>Bonner Str. 84<br \/>42697 Solingen<\/p>\n<p><strong>Kontakt f\u00fcr Medienanfragen:<\/strong><br \/>Antje Kassel &#8211;\u00a0Dipl.-Journ.<br \/>Tel. 0211-3020751<br \/>mobil 0170-6100669<br \/>E-Mail: <a href=\"mailto:antje.kassel@mundgesundheitsstiftung.de\">antje.kassel@mundgesundheitsstiftung.de<\/a><\/p>\n<\/div>\n<\/div>[\/et_pb_text][\/et_pb_column][\/et_pb_row][\/et_pb_section]\n","protected":false},"excerpt":{"rendered":"<p>Prof. Hendrik Streeck im Dialog mit dem Gesundheitssenat der DMS\u00a0 Pr\u00e4vention als notwendige L\u00f6sung im Gesundheitssystem\u00a0 Der bekannte Arzt und Virologe Prof. Dr. Hendrik Streeck, seit 2025 MdB sowie Beauftragter der Bundesregierung f\u00fcr Sucht- und Drogenfragen, traf sich zum Dialog mit dem GesundheitsSenat der Deutschen Mundgesundheitsstiftung \u00fcber Fragen der gro\u00dfen Herausforderungen im Bereich Gesundheit und [&hellip;]<\/p>\n","protected":false},"author":25,"featured_media":27587823,"comment_status":"closed","ping_status":"closed","sticky":false,"template":"","format":"standard","meta":{"_et_pb_use_builder":"on","_et_pb_old_content":"<!-- wp:paragraph -->\n<p>Lorem ipsum dolor sit amet, consectetur adipiscing elit. Aliquam dignissim iaculis sapien, in aliquet elit blandit id. Nam congue blandit odio ac sollicitudin. Ut nulla felis, ullamcorper ut nisi in, ultrices finibus eros. Vivamus gravida ullamcorper massa ut posuere. Curabitur faucibus, lacus vestibulum rhoncus viverra, nibh quam pellentesque ligula, eget lacinia quam ligula in eros. Proin eu lacinia massa, et maximus orci. Curabitur sed maximus sapien, eget venenatis leo. Mauris massa enim, aliquam id sem nec, dictum maximus diam. Nullam ipsum purus, lobortis a tincidunt vel, vulputate vel sem. Aliquam metus risus, cursus ac suscipit in, rhoncus blandit risus. Nullam vestibulum quis odio at ultrices. Sed eget aliquet nisi, ultrices vestibulum ligula. Nunc eros orci, vehicula in diam ac, pharetra viverra erat.<\/p>\n<!-- \/wp:paragraph -->\n\n<!-- wp:heading -->\n<h2>Curabitur faucibus lacus vestibulum rhoncus<\/h2>\n<!-- \/wp:heading -->\n\n<!-- wp:paragraph -->\n<p>Nam in pulvinar tortor, quis mattis ex. In eget nisi felis. In quis ultrices neque, mattis finibus arcu. Morbi nec tortor elementum, varius metus vel, venenatis quam. Mauris id justo at libero porta molestie sed et turpis. Mauris auctor neque augue, a ornare justo eleifend eget. Etiam ac rutrum diam, non eleifend felis. Proin euismod molestie finibus. Suspendisse imperdiet lorem eu varius luctus. Curabitur laoreet leo magna, vitae fermentum turpis tristique at. Morbi mattis maximus venenatis.<\/p>\n<!-- \/wp:paragraph -->\n\n<!-- wp:quote -->\n<blockquote class=\"wp-block-quote\"><p>Quisque nec tellus vel felis fringilla aliquet a eu leo. Etiam facilisis at risus placerat fringilla. Ut maximus cursus tortor, vitae malesuada turpis viverra in. Sed mollis sapien nec elit tempor, in pretium sem pharetra. Nam sollicitudin pulvinar sagittis. Praesent pellentesque sem quis tortor porttitor pellentesque. Sed convallis sagittis ex, eget lobortis libero blandit et. Proin ultrices malesuada quam ut varius.<\/p><\/blockquote>\n<!-- \/wp:quote -->\n\n<!-- wp:paragraph -->\n<p>Phasellus bibendum tempus viverra. Sed eget ligula elit. Phasellus sit amet mi consectetur neque pharetra facilisis non vel orci. Curabitur urna sapien, viverra ac maximus sed, cursus at turpis. Aliquam tempus, diam in maximus fringilla, nunc velit rhoncus mauris, at mattis ipsum justo malesuada lectus. Quisque porttitor efficitur ligula, ac sodales sapien semper laoreet. Maecenas et sollicitudin nisi. Suspendisse potenti. Sed quis ullamcorper sem. Sed placerat purus justo, ac luctus lorem cursus vitae. Aliquam commodo egestas nisl, non luctus leo bibendum imperdiet. Vestibulum ante ipsum primis in faucibus orci luctus et ultrices posuere cubilia curae.<\/p>\n<!-- \/wp:paragraph -->\n\n<!-- wp:heading -->\n<h2>Lorem ipsum dolor sit amet.<\/h2>\n<!-- \/wp:heading -->\n\n<!-- wp:list -->\n<ul><li>Etiam interdum sapien ac lorem eleifend finibus. In elit risus,<\/li><li>Feugiat ultrices diam cursus, laoreet ultricies lectus. Etiam ultrices metus risus,<\/li><li>A hendrerit mi finibus quis. Pellentesque vel velit est,<\/li><li>Suspendisse varius odio nec dui rhoncus, quis mattis tortor egestas.<\/li><li>Vivamus hendrerit dui non malesuada fermentum.<\/li><li>Sed elementum varius metus ut facilisis. Ut consectetur volutpat facilisis.<\/li><li>Curabitur placerat felis a magna scelerisque aliquet.<\/li><li>Ut sit amet mauris vulputate, consequat quam id, accumsan massa.<\/li><\/ul>\n<!-- \/wp:list -->\n\n<!-- wp:paragraph -->\n<p>Nunc vestibulum felis eget erat tincidunt laoreet. Nunc eu dui id nunc ullamcorper posuere in nec dolor. Curabitur quis justo ac nisl varius sollicitudin. Nunc finibus, ex non varius lobortis, justo augue imperdiet risus, vitae sollicitudin diam purus in nibh. Cras at ullamcorper magna. Maecenas bibendum fringilla tellus, et blandit nisi imperdiet vulputate. Etiam in mi malesuada, bibendum ipsum eget, elementum libero. Mauris pellentesque orci nisi, ac imperdiet velit commodo a. Aenean tempor justo eget lorem consequat, a lobortis diam condimentum. Cras scelerisque orci at neque porta vulputate. Vestibulum fringilla urna a justo pretium, quis convallis lacus commodo. Integer et libero sed neque dapibus sagittis non vitae augue. Nam varius, magna efficitur rhoncus rutrum, tortor augue eleifend sem, in dictum lorem massa et eros.<\/p>\n<!-- \/wp:paragraph -->","_et_gb_content_width":"","footnotes":""},"categories":[76],"tags":[],"dipi_cpt_category":[],"class_list":["post-27587815","post","type-post","status-publish","format-standard","has-post-thumbnail","hentry","category-news-neu"],"yoast_head":"<!-- This site is optimized with the Yoast SEO plugin v28.4 - https:\/\/yoast.com\/product\/yoast-seo-wordpress\/ -->\n<title>MdB Prof. Hendrik Streeck im Dialog mit dem GesundheitsSenat - DMS Deutsche Mundgesundheitsstiftung<\/title>\n<meta name=\"description\" content=\"H\u00f6here Leistungsf\u00e4higkeit, weniger Zahnverlust, und bessere Gesundheit durch pr\u00e4diktive Diagnostik aus Deutschland.\" \/>\n<meta name=\"robots\" content=\"index, follow, max-snippet:-1, max-image-preview:large, max-video-preview:-1\" \/>\n<link rel=\"canonical\" href=\"https:\/\/die-mundgesundheitsstiftung.de\/en\/mdb-prof-hendrik-streeck-im-dialog-mit-dem-gesundheitssenat\/\" \/>\n<meta property=\"og:locale\" content=\"en_US\" \/>\n<meta property=\"og:type\" content=\"article\" \/>\n<meta property=\"og:title\" content=\"MdB Prof. Hendrik Streeck im Dialog mit dem GesundheitsSenat - DMS Deutsche Mundgesundheitsstiftung\" \/>\n<meta property=\"og:description\" content=\"H\u00f6here Leistungsf\u00e4higkeit, weniger Zahnverlust, und bessere Gesundheit durch pr\u00e4diktive Diagnostik aus Deutschland.\" \/>\n<meta property=\"og:url\" content=\"https:\/\/die-mundgesundheitsstiftung.de\/en\/mdb-prof-hendrik-streeck-im-dialog-mit-dem-gesundheitssenat\/\" \/>\n<meta property=\"og:site_name\" content=\"DMS Deutsche Mundgesundheitsstiftung\" \/>\n<meta property=\"article:published_time\" content=\"2026-09-03T17:03:43+00:00\" \/>\n<meta property=\"article:modified_time\" content=\"2026-09-03T17:09:37+00:00\" \/>\n<meta property=\"og:image\" content=\"https:\/\/die-mundgesundheitsstiftung.de\/media\/2026\/09\/Politikdialog-Streeck-Web.png\" \/>\n\t<meta property=\"og:image:width\" content=\"1000\" \/>\n\t<meta property=\"og:image:height\" content=\"667\" \/>\n\t<meta property=\"og:image:type\" content=\"image\/png\" \/>\n<meta name=\"author\" content=\"Helge\" \/>\n<meta name=\"twitter:card\" content=\"summary_large_image\" \/>\n<meta name=\"twitter:label1\" content=\"Written by\" \/>\n\t<meta name=\"twitter:data1\" content=\"Helge\" \/>\n\t<meta name=\"twitter:label2\" content=\"Est. reading time\" \/>\n\t<meta name=\"twitter:data2\" content=\"3 minutes\" \/>\n<script type=\"application\/ld+json\" class=\"yoast-schema-graph\">{\"@context\":\"https:\\\/\\\/schema.org\",\"@graph\":[{\"@type\":\"Article\",\"@id\":\"https:\\\/\\\/die-mundgesundheitsstiftung.de\\\/mdb-prof-hendrik-streeck-im-dialog-mit-dem-gesundheitssenat\\\/#article\",\"isPartOf\":{\"@id\":\"https:\\\/\\\/die-mundgesundheitsstiftung.de\\\/mdb-prof-hendrik-streeck-im-dialog-mit-dem-gesundheitssenat\\\/\"},\"author\":{\"name\":\"Helge\",\"@id\":\"https:\\\/\\\/die-mundgesundheitsstiftung.de\\\/#\\\/schema\\\/person\\\/5017fa7297e6073be8182626d4c01b5a\"},\"headline\":\"MdB Prof. Hendrik Streeck im Dialog mit dem GesundheitsSenat\",\"datePublished\":\"2026-09-03T17:03:43+00:00\",\"dateModified\":\"2026-09-03T17:09:37+00:00\",\"mainEntityOfPage\":{\"@id\":\"https:\\\/\\\/die-mundgesundheitsstiftung.de\\\/mdb-prof-hendrik-streeck-im-dialog-mit-dem-gesundheitssenat\\\/\"},\"wordCount\":653,\"image\":{\"@id\":\"https:\\\/\\\/die-mundgesundheitsstiftung.de\\\/mdb-prof-hendrik-streeck-im-dialog-mit-dem-gesundheitssenat\\\/#primaryimage\"},\"thumbnailUrl\":\"https:\\\/\\\/die-mundgesundheitsstiftung.de\\\/wp-content\\\/uploads\\\/2026\\\/09\\\/Politikdialog-Streeck-Web.png\",\"articleSection\":[\"News neu\"],\"inLanguage\":\"en-US\"},{\"@type\":\"WebPage\",\"@id\":\"https:\\\/\\\/die-mundgesundheitsstiftung.de\\\/mdb-prof-hendrik-streeck-im-dialog-mit-dem-gesundheitssenat\\\/\",\"url\":\"https:\\\/\\\/die-mundgesundheitsstiftung.de\\\/mdb-prof-hendrik-streeck-im-dialog-mit-dem-gesundheitssenat\\\/\",\"name\":\"MdB Prof. Hendrik Streeck im Dialog mit dem GesundheitsSenat - DMS Deutsche Mundgesundheitsstiftung\",\"isPartOf\":{\"@id\":\"https:\\\/\\\/die-mundgesundheitsstiftung.de\\\/#website\"},\"primaryImageOfPage\":{\"@id\":\"https:\\\/\\\/die-mundgesundheitsstiftung.de\\\/mdb-prof-hendrik-streeck-im-dialog-mit-dem-gesundheitssenat\\\/#primaryimage\"},\"image\":{\"@id\":\"https:\\\/\\\/die-mundgesundheitsstiftung.de\\\/mdb-prof-hendrik-streeck-im-dialog-mit-dem-gesundheitssenat\\\/#primaryimage\"},\"thumbnailUrl\":\"https:\\\/\\\/die-mundgesundheitsstiftung.de\\\/wp-content\\\/uploads\\\/2026\\\/09\\\/Politikdialog-Streeck-Web.png\",\"datePublished\":\"2026-09-03T17:03:43+00:00\",\"dateModified\":\"2026-09-03T17:09:37+00:00\",\"author\":{\"@id\":\"https:\\\/\\\/die-mundgesundheitsstiftung.de\\\/#\\\/schema\\\/person\\\/5017fa7297e6073be8182626d4c01b5a\"},\"description\":\"H\u00f6here Leistungsf\u00e4higkeit, weniger Zahnverlust, und bessere Gesundheit durch pr\u00e4diktive Diagnostik aus Deutschland.\",\"breadcrumb\":{\"@id\":\"https:\\\/\\\/die-mundgesundheitsstiftung.de\\\/mdb-prof-hendrik-streeck-im-dialog-mit-dem-gesundheitssenat\\\/#breadcrumb\"},\"inLanguage\":\"en-US\",\"potentialAction\":[{\"@type\":\"ReadAction\",\"target\":[\"https:\\\/\\\/die-mundgesundheitsstiftung.de\\\/mdb-prof-hendrik-streeck-im-dialog-mit-dem-gesundheitssenat\\\/\"]}]},{\"@type\":\"ImageObject\",\"inLanguage\":\"en-US\",\"@id\":\"https:\\\/\\\/die-mundgesundheitsstiftung.de\\\/mdb-prof-hendrik-streeck-im-dialog-mit-dem-gesundheitssenat\\\/#primaryimage\",\"url\":\"https:\\\/\\\/die-mundgesundheitsstiftung.de\\\/wp-content\\\/uploads\\\/2026\\\/09\\\/Politikdialog-Streeck-Web.png\",\"contentUrl\":\"https:\\\/\\\/die-mundgesundheitsstiftung.de\\\/wp-content\\\/uploads\\\/2026\\\/09\\\/Politikdialog-Streeck-Web.png\",\"width\":1000,\"height\":667},{\"@type\":\"BreadcrumbList\",\"@id\":\"https:\\\/\\\/die-mundgesundheitsstiftung.de\\\/mdb-prof-hendrik-streeck-im-dialog-mit-dem-gesundheitssenat\\\/#breadcrumb\",\"itemListElement\":[{\"@type\":\"ListItem\",\"position\":1,\"name\":\"Startseite\",\"item\":\"https:\\\/\\\/die-mundgesundheitsstiftung.de\\\/\"},{\"@type\":\"ListItem\",\"position\":2,\"name\":\"MdB Prof. Hendrik Streeck im Dialog mit dem GesundheitsSenat\"}]},{\"@type\":\"WebSite\",\"@id\":\"https:\\\/\\\/die-mundgesundheitsstiftung.de\\\/#website\",\"url\":\"https:\\\/\\\/die-mundgesundheitsstiftung.de\\\/\",\"name\":\"DMS Deutsche Mundgesundheitsstiftung\",\"description\":\"DMS Deutsche Mundgesundheitsstiftung\",\"potentialAction\":[{\"@type\":\"SearchAction\",\"target\":{\"@type\":\"EntryPoint\",\"urlTemplate\":\"https:\\\/\\\/die-mundgesundheitsstiftung.de\\\/?s={search_term_string}\"},\"query-input\":{\"@type\":\"PropertyValueSpecification\",\"valueRequired\":true,\"valueName\":\"search_term_string\"}}],\"inLanguage\":\"en-US\"},{\"@type\":\"Person\",\"@id\":\"https:\\\/\\\/die-mundgesundheitsstiftung.de\\\/#\\\/schema\\\/person\\\/5017fa7297e6073be8182626d4c01b5a\",\"name\":\"Helge\",\"image\":{\"@type\":\"ImageObject\",\"inLanguage\":\"en-US\",\"@id\":\"https:\\\/\\\/secure.gravatar.com\\\/avatar\\\/92d29bcec83733602ae817e6676c6064e280586395b431a7f4e14ff63bdf2a64?s=96&d=mm&r=g\",\"url\":\"https:\\\/\\\/secure.gravatar.com\\\/avatar\\\/92d29bcec83733602ae817e6676c6064e280586395b431a7f4e14ff63bdf2a64?s=96&d=mm&r=g\",\"contentUrl\":\"https:\\\/\\\/secure.gravatar.com\\\/avatar\\\/92d29bcec83733602ae817e6676c6064e280586395b431a7f4e14ff63bdf2a64?s=96&d=mm&r=g\",\"caption\":\"Helge\"},\"url\":\"https:\\\/\\\/die-mundgesundheitsstiftung.de\\\/en\\\/author\\\/helge\\\/\"}]}<\/script>\n<!-- \/ Yoast SEO plugin. -->","yoast_head_json":{"title":"MdB Prof. Hendrik Streeck im Dialog mit dem GesundheitsSenat - DMS Deutsche Mundgesundheitsstiftung","description":"H\u00f6here Leistungsf\u00e4higkeit, weniger Zahnverlust, und bessere Gesundheit durch pr\u00e4diktive Diagnostik aus Deutschland.","robots":{"index":"index","follow":"follow","max-snippet":"max-snippet:-1","max-image-preview":"max-image-preview:large","max-video-preview":"max-video-preview:-1"},"canonical":"https:\/\/die-mundgesundheitsstiftung.de\/en\/mdb-prof-hendrik-streeck-im-dialog-mit-dem-gesundheitssenat\/","og_locale":"en_US","og_type":"article","og_title":"MdB Prof. Hendrik Streeck im Dialog mit dem GesundheitsSenat - DMS Deutsche Mundgesundheitsstiftung","og_description":"H\u00f6here Leistungsf\u00e4higkeit, weniger Zahnverlust, und bessere Gesundheit durch pr\u00e4diktive Diagnostik aus Deutschland.","og_url":"https:\/\/die-mundgesundheitsstiftung.de\/en\/mdb-prof-hendrik-streeck-im-dialog-mit-dem-gesundheitssenat\/","og_site_name":"DMS Deutsche Mundgesundheitsstiftung","article_published_time":"2026-09-03T17:03:43+00:00","article_modified_time":"2026-09-03T17:09:37+00:00","og_image":[{"width":1000,"height":667,"url":"https:\/\/die-mundgesundheitsstiftung.de\/media\/2026\/09\/Politikdialog-Streeck-Web.png","type":"image\/png"}],"author":"Helge","twitter_card":"summary_large_image","twitter_misc":{"Written by":"Helge","Est. reading time":"3 minutes"},"schema":{"@context":"https:\/\/schema.org","@graph":[{"@type":"Article","@id":"https:\/\/die-mundgesundheitsstiftung.de\/mdb-prof-hendrik-streeck-im-dialog-mit-dem-gesundheitssenat\/#article","isPartOf":{"@id":"https:\/\/die-mundgesundheitsstiftung.de\/mdb-prof-hendrik-streeck-im-dialog-mit-dem-gesundheitssenat\/"},"author":{"name":"Helge","@id":"https:\/\/die-mundgesundheitsstiftung.de\/#\/schema\/person\/5017fa7297e6073be8182626d4c01b5a"},"headline":"MdB Prof. Hendrik Streeck im Dialog mit dem GesundheitsSenat","datePublished":"2026-09-03T17:03:43+00:00","dateModified":"2026-09-03T17:09:37+00:00","mainEntityOfPage":{"@id":"https:\/\/die-mundgesundheitsstiftung.de\/mdb-prof-hendrik-streeck-im-dialog-mit-dem-gesundheitssenat\/"},"wordCount":653,"image":{"@id":"https:\/\/die-mundgesundheitsstiftung.de\/mdb-prof-hendrik-streeck-im-dialog-mit-dem-gesundheitssenat\/#primaryimage"},"thumbnailUrl":"https:\/\/die-mundgesundheitsstiftung.de\/media\/2026\/09\/Politikdialog-Streeck-Web.png","articleSection":["News neu"],"inLanguage":"en-US"},{"@type":"WebPage","@id":"https:\/\/die-mundgesundheitsstiftung.de\/mdb-prof-hendrik-streeck-im-dialog-mit-dem-gesundheitssenat\/","url":"https:\/\/die-mundgesundheitsstiftung.de\/mdb-prof-hendrik-streeck-im-dialog-mit-dem-gesundheitssenat\/","name":"MdB Prof. Hendrik Streeck im Dialog mit dem GesundheitsSenat - DMS Deutsche Mundgesundheitsstiftung","isPartOf":{"@id":"https:\/\/die-mundgesundheitsstiftung.de\/#website"},"primaryImageOfPage":{"@id":"https:\/\/die-mundgesundheitsstiftung.de\/mdb-prof-hendrik-streeck-im-dialog-mit-dem-gesundheitssenat\/#primaryimage"},"image":{"@id":"https:\/\/die-mundgesundheitsstiftung.de\/mdb-prof-hendrik-streeck-im-dialog-mit-dem-gesundheitssenat\/#primaryimage"},"thumbnailUrl":"https:\/\/die-mundgesundheitsstiftung.de\/media\/2026\/09\/Politikdialog-Streeck-Web.png","datePublished":"2026-09-03T17:03:43+00:00","dateModified":"2026-09-03T17:09:37+00:00","author":{"@id":"https:\/\/die-mundgesundheitsstiftung.de\/#\/schema\/person\/5017fa7297e6073be8182626d4c01b5a"},"description":"H\u00f6here Leistungsf\u00e4higkeit, weniger Zahnverlust, und bessere Gesundheit durch pr\u00e4diktive Diagnostik aus Deutschland.","breadcrumb":{"@id":"https:\/\/die-mundgesundheitsstiftung.de\/mdb-prof-hendrik-streeck-im-dialog-mit-dem-gesundheitssenat\/#breadcrumb"},"inLanguage":"en-US","potentialAction":[{"@type":"ReadAction","target":["https:\/\/die-mundgesundheitsstiftung.de\/mdb-prof-hendrik-streeck-im-dialog-mit-dem-gesundheitssenat\/"]}]},{"@type":"ImageObject","inLanguage":"en-US","@id":"https:\/\/die-mundgesundheitsstiftung.de\/mdb-prof-hendrik-streeck-im-dialog-mit-dem-gesundheitssenat\/#primaryimage","url":"https:\/\/die-mundgesundheitsstiftung.de\/media\/2026\/09\/Politikdialog-Streeck-Web.png","contentUrl":"https:\/\/die-mundgesundheitsstiftung.de\/media\/2026\/09\/Politikdialog-Streeck-Web.png","width":1000,"height":667},{"@type":"BreadcrumbList","@id":"https:\/\/die-mundgesundheitsstiftung.de\/mdb-prof-hendrik-streeck-im-dialog-mit-dem-gesundheitssenat\/#breadcrumb","itemListElement":[{"@type":"ListItem","position":1,"name":"Startseite","item":"https:\/\/die-mundgesundheitsstiftung.de\/"},{"@type":"ListItem","position":2,"name":"MdB Prof. Hendrik Streeck im Dialog mit dem GesundheitsSenat"}]},{"@type":"WebSite","@id":"https:\/\/die-mundgesundheitsstiftung.de\/#website","url":"https:\/\/die-mundgesundheitsstiftung.de\/","name":"DMS Deutsche Mundgesundheitsstiftung","description":"DMS Deutsche Mundgesundheitsstiftung","potentialAction":[{"@type":"SearchAction","target":{"@type":"EntryPoint","urlTemplate":"https:\/\/die-mundgesundheitsstiftung.de\/?s={search_term_string}"},"query-input":{"@type":"PropertyValueSpecification","valueRequired":true,"valueName":"search_term_string"}}],"inLanguage":"en-US"},{"@type":"Person","@id":"https:\/\/die-mundgesundheitsstiftung.de\/#\/schema\/person\/5017fa7297e6073be8182626d4c01b5a","name":"Helge","image":{"@type":"ImageObject","inLanguage":"en-US","@id":"https:\/\/secure.gravatar.com\/avatar\/92d29bcec83733602ae817e6676c6064e280586395b431a7f4e14ff63bdf2a64?s=96&d=mm&r=g","url":"https:\/\/secure.gravatar.com\/avatar\/92d29bcec83733602ae817e6676c6064e280586395b431a7f4e14ff63bdf2a64?s=96&d=mm&r=g","contentUrl":"https:\/\/secure.gravatar.com\/avatar\/92d29bcec83733602ae817e6676c6064e280586395b431a7f4e14ff63bdf2a64?s=96&d=mm&r=g","caption":"Helge"},"url":"https:\/\/die-mundgesundheitsstiftung.de\/en\/author\/helge\/"}]}},"_links":{"self":[{"href":"https:\/\/die-mundgesundheitsstiftung.de\/en\/wp-json\/wp\/v2\/posts\/27587815","targetHints":{"allow":["GET"]}}],"collection":[{"href":"https:\/\/die-mundgesundheitsstiftung.de\/en\/wp-json\/wp\/v2\/posts"}],"about":[{"href":"https:\/\/die-mundgesundheitsstiftung.de\/en\/wp-json\/wp\/v2\/types\/post"}],"author":[{"embeddable":true,"href":"https:\/\/die-mundgesundheitsstiftung.de\/en\/wp-json\/wp\/v2\/users\/25"}],"replies":[{"embeddable":true,"href":"https:\/\/die-mundgesundheitsstiftung.de\/en\/wp-json\/wp\/v2\/comments?post=27587815"}],"version-history":[{"count":4,"href":"https:\/\/die-mundgesundheitsstiftung.de\/en\/wp-json\/wp\/v2\/posts\/27587815\/revisions"}],"predecessor-version":[{"id":27587824,"href":"https:\/\/die-mundgesundheitsstiftung.de\/en\/wp-json\/wp\/v2\/posts\/27587815\/revisions\/27587824"}],"wp:featuredmedia":[{"embeddable":true,"href":"https:\/\/die-mundgesundheitsstiftung.de\/en\/wp-json\/wp\/v2\/media\/27587823"}],"wp:attachment":[{"href":"https:\/\/die-mundgesundheitsstiftung.de\/en\/wp-json\/wp\/v2\/media?parent=27587815"}],"wp:term":[{"taxonomy":"category","embeddable":true,"href":"https:\/\/die-mundgesundheitsstiftung.de\/en\/wp-json\/wp\/v2\/categories?post=27587815"},{"taxonomy":"post_tag","embeddable":true,"href":"https:\/\/die-mundgesundheitsstiftung.de\/en\/wp-json\/wp\/v2\/tags?post=27587815"},{"taxonomy":"dipi_cpt_category","embeddable":true,"href":"https:\/\/die-mundgesundheitsstiftung.de\/en\/wp-json\/wp\/v2\/dipi_cpt_category?post=27587815"}],"curies":[{"name":"wp","href":"https:\/\/api.w.org\/{rel}","templated":true}]}}