{"id":54454,"date":"2023-08-21T10:13:20","date_gmt":"2023-08-21T08:13:20","guid":{"rendered":"https:\/\/die-mundgesundheitsstiftung.de\/?p=54454"},"modified":"2023-08-21T11:04:48","modified_gmt":"2023-08-21T09:04:48","slug":"depression-und-parodontitis","status":"publish","type":"post","link":"https:\/\/die-mundgesundheitsstiftung.de\/en\/depression-und-parodontitis\/","title":{"rendered":"Depression and periodontitis"},"content":{"rendered":"<p>[et_pb_section fb_built=&#8221;1&#8243; admin_label=&#8221;section&#8221; _builder_version=&#8221;4.16&#8243; global_colors_info=&#8221;{}&#8221;][et_pb_row admin_label=&#8221;row&#8221; _builder_version=&#8221;4.16&#8243; background_size=&#8221;initial&#8221; background_position=&#8221;top_left&#8221; background_repeat=&#8221;repeat&#8221; global_colors_info=&#8221;{}&#8221;][et_pb_column type=&#8221;4_4&#8243; _builder_version=&#8221;4.16&#8243; custom_padding=&#8221;|||&#8221; global_colors_info=&#8221;{}&#8221; custom_padding__hover=&#8221;|||&#8221;][et_pb_text admin_label=&#8221;Text&#8221; _builder_version=&#8221;4.20.4&#8243; background_size=&#8221;initial&#8221; background_position=&#8221;top_left&#8221; background_repeat=&#8221;repeat&#8221; hover_enabled=&#8221;0&#8243; global_colors_info=&#8221;{}&#8221; sticky_enabled=&#8221;0&#8243;]<\/p>\n<div class=\"et_pb_module et_pb_text et_pb_text_0  et_pb_text_align_left et_pb_bg_layout_light\">\n<div class=\"et_pb_text_inner\">\n<h2>Korrelation zwischen Depression und Parodontitis<\/h2>\n<p>Volksleiden Depression: Laut WHO litten 2015 rund\u00a0<a href=\"https:\/\/www.aerzteblatt.de\/nachrichten\/73297\/WHO-Millionen-leiden-an-Depressionen\" target=\"_blank\" rel=\"noopener\" title=\"www.aerzteblatt.de - Millionen leiden an Depressionen\">322 Millionen Menschen<\/a>\u00a0an Depressionen. Das macht\u00a04,4 Prozent der Weltbev\u00f6lkerung. Zehn Jahre zuvor waren es noch 18 Prozent weniger. Dabei schr\u00e4nkt die Erkrankung nicht nur das seelische Wohlbefinden des Betroffenen ein, auch dem Arbeitgeber entsteht ein betr\u00e4chtlicher Schaden. Nach Angaben der Bundespsychotherapeutenkammer hat der Anteil psychisch bedingter Fehlzeiten bis 2015 stetig zugenommen.\u00a0<a href=\"https:\/\/www.deutsche-depressionshilfe.de\/depression-infos-und-hilfe\/depression-in-verschiedenen-facetten\/depression-und-arbeit\" target=\"_blank\" rel=\"noopener\" title=\"www.deutsche-depressionshilfe.de - Depression und Arbeit\">13 Prozent<\/a>\u00a0aller Arbeitsunf\u00e4higkeitstage ging auf psychische Leiden zur\u00fcck. Damit reihen sich psychische Erkrankungen nach Muskel-Skelett- und Atemwegserkrankungen zu den h\u00e4ufigsten Ursachen f\u00fcr Arbeitsunf\u00e4higkeit. Rund\u00a011 Millionen Arbeitsunf\u00e4higkeitstage\u00a0sch\u00e4tzt das Bundesministerium f\u00fcr Gesundheit pro Jahr. Die finanziellen Einbu\u00dfen f\u00fcr Wirtschaft und Staat sind enorm:\u00a015,5 bis 21,9 Milliarden Euro Schadenverbuchen Allianz und RWI j\u00e4hrlich f\u00fcr die deutsche Volkswirtschaft.<\/p>\n<\/div>\n<\/div>\n<div class=\"et_pb_module et_pb_text et_pb_text_1  et_pb_text_align_left et_pb_bg_layout_light\">\n<div class=\"et_pb_text_inner\">\n<h2>Parodontitis beg\u00fcnstigt Depressionen<\/h2>\n<p><img loading=\"lazy\" decoding=\"async\" class=\"alignright wp-image-961 size-medium text-img lazy-loaded\" src=\"https:\/\/die-mundgesundheitsstiftung.de\/media\/2019\/03\/parodontitis_depressionen_mundgesundheitsstiftung-300x200.jpg\" data-lazy-type=\"image\" data-src=\"https:\/\/die-mundgesundheitsstiftung.de\/media\/2019\/03\/parodontitis_depressionen_mundgesundheitsstiftung-300x200.jpg\" alt=\"Parodontitis &amp; Depressionen - Mundgesundheitsstiftung\" title=\"Parodontitis &amp; Depressionen - Mundgesundheitsstiftung\" width=\"300\" height=\"200\" \/>Ob posttraumatische St\u00f6rungen, Dauerstress oder Verlust\u00e4ngste \u2013 Depressionen sind eng mit psychologischen Faktoren verwoben. Seelische Leiden sind aber nicht die einzigen Ausl\u00f6ser. Nicht selten h\u00e4ngt die\u00a0Depression auch mit chronischen Entz\u00fcndungen zusammen. Schlie\u00dflich versteht die Biochemie eine Depression als St\u00f6rung des Hirnstoffwechsels, von Entz\u00fcndungsherden im K\u00f6rper verursacht. Forscher berichten von einem Zusammenspiel der Botenstoffe, die an Entz\u00fcndungsreaktionen und Depressionen beteiligt sind. Damit leiden Patienten mit chronisch entz\u00fcndlichen Erkrankungen \u00fcberdurchschnittlich h\u00e4ufig an Depressionen. Im Visier sind aber nicht allein Multiple Sklerose oder Rheuma. Auch die\u00a0<strong>Parodontitis<\/strong>\u00a0scheint eng mit depressiven Erkrankungen in Verbindung zu stehen.<\/p>\n<p>Eine aktuelle wissenschaftliche\u00a0<a title=\"Pharmazeutische Zeitung - Volkskrankheit Parodontitis\" href=\"https:\/\/ptaforum.pharmazeutische-zeitung.de\/index.php?id=9295\" target=\"_blank\" rel=\"noopener\">Studie<\/a>\u00a0liefert den Beweis: Zahn\u00e4rzte untersuchten die Korrelation zwischen<span>\u00a0<\/span><strong>Depressionen<\/strong><span>\u00a0<\/span>und\u00a0Parodontitis\u00a0an Personengruppen mit und ohne depressiven Symptomen. Bei depressiven Probanden zeigten sich h\u00e4ufiger aggressive Parodontitis-Verl\u00e4ufe als bei antidepressiven. Zugleich wiesen depressive Patienten eine deutlich h\u00f6here Konzentration an entz\u00fcndungsf\u00f6rdernden Substanzen in angeschlagenen Zahnfleischfurchen auf als gesunde, was sich vornehmlich mit psychisch bedingten Dysfunktionen des Immunsystems erkl\u00e4ren l\u00e4sst. Negative Auswirkungen der \u00fcberdurchschnittlich hohen Entz\u00fcndungswerte traten auch bei der Wundheilung zutage. Bei depressiven Patienten verz\u00f6gerte sich die Heilung von Behandlungsverletzungen um ein Vielfaches. So zeugt die Studie insgesamt von einer starken wechselseitigen Beeinflussung von\u00a0Depression\u00a0und\u00a0Parodontitis: Eine\u00a0Parodontitis\u00a0erh\u00f6ht das Depressionsrisiko und umgekehrt erh\u00f6ht die\u00a0Depression\u00a0das Parodontitisrisiko.<\/p>\n<\/div>\n<\/div>\n<p>[\/et_pb_text][\/et_pb_column][\/et_pb_row][\/et_pb_section]<\/p>\n","protected":false},"excerpt":{"rendered":"<p>Korrelation zwischen Depression und Parodontitis Volksleiden Depression: Laut WHO litten 2015 rund\u00a0322 Millionen Menschen\u00a0an Depressionen. Das macht\u00a04,4 Prozent der Weltbev\u00f6lkerung. Zehn Jahre zuvor waren es noch 18 Prozent weniger. Dabei schr\u00e4nkt die Erkrankung nicht nur das seelische Wohlbefinden des Betroffenen ein, auch dem Arbeitgeber entsteht ein betr\u00e4chtlicher Schaden. Nach Angaben der Bundespsychotherapeutenkammer hat der Anteil [&hellip;]<\/p>\n","protected":false},"author":8,"featured_media":54455,"comment_status":"open","ping_status":"open","sticky":false,"template":"","format":"standard","meta":{"_et_pb_use_builder":"on","_et_pb_old_content":"<!-- wp:paragraph -->\n<p>Lorem ipsum dolor sit amet, consectetur adipiscing elit. Aliquam dignissim iaculis sapien, in aliquet elit blandit id. Nam congue blandit odio ac sollicitudin. Ut nulla felis, ullamcorper ut nisi in, ultrices finibus eros. Vivamus gravida ullamcorper massa ut posuere. Curabitur faucibus, lacus vestibulum rhoncus viverra, nibh quam pellentesque ligula, eget lacinia quam ligula in eros. Proin eu lacinia massa, et maximus orci. Curabitur sed maximus sapien, eget venenatis leo. Mauris massa enim, aliquam id sem nec, dictum maximus diam. Nullam ipsum purus, lobortis a tincidunt vel, vulputate vel sem. Aliquam metus risus, cursus ac suscipit in, rhoncus blandit risus. Nullam vestibulum quis odio at ultrices. Sed eget aliquet nisi, ultrices vestibulum ligula. Nunc eros orci, vehicula in diam ac, pharetra viverra erat.<\/p>\n<!-- \/wp:paragraph -->\n\n<!-- wp:heading -->\n<h2>Curabitur faucibus lacus vestibulum rhoncus<\/h2>\n<!-- \/wp:heading -->\n\n<!-- wp:paragraph -->\n<p>Nam in pulvinar tortor, quis mattis ex. In eget nisi felis. In quis ultrices neque, mattis finibus arcu. Morbi nec tortor elementum, varius metus vel, venenatis quam. Mauris id justo at libero porta molestie sed et turpis. Mauris auctor neque augue, a ornare justo eleifend eget. Etiam ac rutrum diam, non eleifend felis. Proin euismod molestie finibus. Suspendisse imperdiet lorem eu varius luctus. Curabitur laoreet leo magna, vitae fermentum turpis tristique at. Morbi mattis maximus venenatis.<\/p>\n<!-- \/wp:paragraph -->\n\n<!-- wp:quote -->\n<blockquote class=\"wp-block-quote\"><p>Quisque nec tellus vel felis fringilla aliquet a eu leo. Etiam facilisis at risus placerat fringilla. Ut maximus cursus tortor, vitae malesuada turpis viverra in. Sed mollis sapien nec elit tempor, in pretium sem pharetra. Nam sollicitudin pulvinar sagittis. Praesent pellentesque sem quis tortor porttitor pellentesque. Sed convallis sagittis ex, eget lobortis libero blandit et. Proin ultrices malesuada quam ut varius.<\/p><\/blockquote>\n<!-- \/wp:quote -->\n\n<!-- wp:paragraph -->\n<p>Phasellus bibendum tempus viverra. Sed eget ligula elit. Phasellus sit amet mi consectetur neque pharetra facilisis non vel orci. Curabitur urna sapien, viverra ac maximus sed, cursus at turpis. Aliquam tempus, diam in maximus fringilla, nunc velit rhoncus mauris, at mattis ipsum justo malesuada lectus. Quisque porttitor efficitur ligula, ac sodales sapien semper laoreet. Maecenas et sollicitudin nisi. Suspendisse potenti. Sed quis ullamcorper sem. Sed placerat purus justo, ac luctus lorem cursus vitae. Aliquam commodo egestas nisl, non luctus leo bibendum imperdiet. Vestibulum ante ipsum primis in faucibus orci luctus et ultrices posuere cubilia curae.<\/p>\n<!-- \/wp:paragraph -->\n\n<!-- wp:heading -->\n<h2>Lorem ipsum dolor sit amet.<\/h2>\n<!-- \/wp:heading -->\n\n<!-- wp:list -->\n<ul><li>Etiam interdum sapien ac lorem eleifend finibus. In elit risus,<\/li><li>Feugiat ultrices diam cursus, laoreet ultricies lectus. Etiam ultrices metus risus,<\/li><li>A hendrerit mi finibus quis. Pellentesque vel velit est,<\/li><li>Suspendisse varius odio nec dui rhoncus, quis mattis tortor egestas.<\/li><li>Vivamus hendrerit dui non malesuada fermentum.<\/li><li>Sed elementum varius metus ut facilisis. Ut consectetur volutpat facilisis.<\/li><li>Curabitur placerat felis a magna scelerisque aliquet.<\/li><li>Ut sit amet mauris vulputate, consequat quam id, accumsan massa.<\/li><\/ul>\n<!-- \/wp:list -->\n\n<!-- wp:paragraph -->\n<p>Nunc vestibulum felis eget erat tincidunt laoreet. Nunc eu dui id nunc ullamcorper posuere in nec dolor. Curabitur quis justo ac nisl varius sollicitudin. Nunc finibus, ex non varius lobortis, justo augue imperdiet risus, vitae sollicitudin diam purus in nibh. Cras at ullamcorper magna. Maecenas bibendum fringilla tellus, et blandit nisi imperdiet vulputate. Etiam in mi malesuada, bibendum ipsum eget, elementum libero. Mauris pellentesque orci nisi, ac imperdiet velit commodo a. Aenean tempor justo eget lorem consequat, a lobortis diam condimentum. Cras scelerisque orci at neque porta vulputate. Vestibulum fringilla urna a justo pretium, quis convallis lacus commodo. Integer et libero sed neque dapibus sagittis non vitae augue. Nam varius, magna efficitur rhoncus rutrum, tortor augue eleifend sem, in dictum lorem massa et eros.<\/p>\n<!-- \/wp:paragraph -->","_et_gb_content_width":"","footnotes":""},"categories":[67,1,64],"tags":[],"dipi_cpt_category":[],"class_list":["post-54454","post","type-post","status-publish","format-standard","has-post-thumbnail","hentry","category-i-love-my-implant","category-uncategorized","category-wissen"],"yoast_head":"<!-- This site is optimized with the Yoast SEO plugin v27.4 - https:\/\/yoast.com\/product\/yoast-seo-wordpress\/ -->\n<title>Depression und Parodontitis - DMS Deutsche Mundgesundheitsstiftung<\/title>\n<meta name=\"robots\" content=\"index, follow, max-snippet:-1, max-image-preview:large, max-video-preview:-1\" \/>\n<link rel=\"canonical\" href=\"https:\/\/die-mundgesundheitsstiftung.de\/en\/depression-und-parodontitis\/\" \/>\n<meta property=\"og:locale\" content=\"en_US\" \/>\n<meta property=\"og:type\" content=\"article\" \/>\n<meta property=\"og:title\" content=\"Depression und Parodontitis - DMS Deutsche Mundgesundheitsstiftung\" \/>\n<meta property=\"og:description\" content=\"Korrelation zwischen Depression und Parodontitis Volksleiden Depression: Laut WHO litten 2015 rund\u00a0322 Millionen Menschen\u00a0an Depressionen. Das macht\u00a04,4 Prozent der Weltbev\u00f6lkerung. Zehn Jahre zuvor waren es noch 18 Prozent weniger. Dabei schr\u00e4nkt die Erkrankung nicht nur das seelische Wohlbefinden des Betroffenen ein, auch dem Arbeitgeber entsteht ein betr\u00e4chtlicher Schaden. Nach Angaben der Bundespsychotherapeutenkammer hat der Anteil [&hellip;]\" \/>\n<meta property=\"og:url\" content=\"https:\/\/die-mundgesundheitsstiftung.de\/en\/depression-und-parodontitis\/\" \/>\n<meta property=\"og:site_name\" content=\"DMS Deutsche Mundgesundheitsstiftung\" \/>\n<meta property=\"article:published_time\" content=\"2023-08-21T08:13:20+00:00\" \/>\n<meta property=\"article:modified_time\" content=\"2023-08-21T09:04:48+00:00\" \/>\n<meta property=\"og:image\" content=\"https:\/\/die-mundgesundheitsstiftung.de\/media\/2023\/08\/depression-die-mundgesundheitsstiftung.jpg\" \/>\n\t<meta property=\"og:image:width\" content=\"886\" \/>\n\t<meta property=\"og:image:height\" content=\"591\" \/>\n\t<meta property=\"og:image:type\" content=\"image\/jpeg\" \/>\n<meta name=\"author\" content=\"Jana\" \/>\n<meta name=\"twitter:card\" content=\"summary_large_image\" \/>\n<meta name=\"twitter:label1\" content=\"Written by\" \/>\n\t<meta name=\"twitter:data1\" content=\"Jana\" \/>\n\t<meta name=\"twitter:label2\" content=\"Est. reading time\" \/>\n\t<meta name=\"twitter:data2\" content=\"5 minutes\" \/>\n<script type=\"application\/ld+json\" class=\"yoast-schema-graph\">{\"@context\":\"https:\\\/\\\/schema.org\",\"@graph\":[{\"@type\":\"Article\",\"@id\":\"https:\\\/\\\/die-mundgesundheitsstiftung.de\\\/depression-und-parodontitis\\\/#article\",\"isPartOf\":{\"@id\":\"https:\\\/\\\/die-mundgesundheitsstiftung.de\\\/depression-und-parodontitis\\\/\"},\"author\":{\"name\":\"Jana\",\"@id\":\"https:\\\/\\\/die-mundgesundheitsstiftung.de\\\/#\\\/schema\\\/person\\\/533a101410f251a109921a1e084b568d\"},\"headline\":\"Depression und Parodontitis\",\"datePublished\":\"2023-08-21T08:13:20+00:00\",\"dateModified\":\"2023-08-21T09:04:48+00:00\",\"mainEntityOfPage\":{\"@id\":\"https:\\\/\\\/die-mundgesundheitsstiftung.de\\\/depression-und-parodontitis\\\/\"},\"wordCount\":449,\"commentCount\":0,\"image\":{\"@id\":\"https:\\\/\\\/die-mundgesundheitsstiftung.de\\\/depression-und-parodontitis\\\/#primaryimage\"},\"thumbnailUrl\":\"https:\\\/\\\/die-mundgesundheitsstiftung.de\\\/wp-content\\\/uploads\\\/2023\\\/08\\\/depression-die-mundgesundheitsstiftung.jpg\",\"articleSection\":{\"0\":\"I LOVE MY IMPLANT\",\"2\":\"Wissen\"},\"inLanguage\":\"en-US\",\"potentialAction\":[{\"@type\":\"CommentAction\",\"name\":\"Comment\",\"target\":[\"https:\\\/\\\/die-mundgesundheitsstiftung.de\\\/depression-und-parodontitis\\\/#respond\"]}]},{\"@type\":\"WebPage\",\"@id\":\"https:\\\/\\\/die-mundgesundheitsstiftung.de\\\/depression-und-parodontitis\\\/\",\"url\":\"https:\\\/\\\/die-mundgesundheitsstiftung.de\\\/depression-und-parodontitis\\\/\",\"name\":\"Depression und Parodontitis - DMS Deutsche Mundgesundheitsstiftung\",\"isPartOf\":{\"@id\":\"https:\\\/\\\/die-mundgesundheitsstiftung.de\\\/#website\"},\"primaryImageOfPage\":{\"@id\":\"https:\\\/\\\/die-mundgesundheitsstiftung.de\\\/depression-und-parodontitis\\\/#primaryimage\"},\"image\":{\"@id\":\"https:\\\/\\\/die-mundgesundheitsstiftung.de\\\/depression-und-parodontitis\\\/#primaryimage\"},\"thumbnailUrl\":\"https:\\\/\\\/die-mundgesundheitsstiftung.de\\\/wp-content\\\/uploads\\\/2023\\\/08\\\/depression-die-mundgesundheitsstiftung.jpg\",\"datePublished\":\"2023-08-21T08:13:20+00:00\",\"dateModified\":\"2023-08-21T09:04:48+00:00\",\"author\":{\"@id\":\"https:\\\/\\\/die-mundgesundheitsstiftung.de\\\/#\\\/schema\\\/person\\\/533a101410f251a109921a1e084b568d\"},\"breadcrumb\":{\"@id\":\"https:\\\/\\\/die-mundgesundheitsstiftung.de\\\/depression-und-parodontitis\\\/#breadcrumb\"},\"inLanguage\":\"en-US\",\"potentialAction\":[{\"@type\":\"ReadAction\",\"target\":[\"https:\\\/\\\/die-mundgesundheitsstiftung.de\\\/depression-und-parodontitis\\\/\"]}]},{\"@type\":\"ImageObject\",\"inLanguage\":\"en-US\",\"@id\":\"https:\\\/\\\/die-mundgesundheitsstiftung.de\\\/depression-und-parodontitis\\\/#primaryimage\",\"url\":\"https:\\\/\\\/die-mundgesundheitsstiftung.de\\\/wp-content\\\/uploads\\\/2023\\\/08\\\/depression-die-mundgesundheitsstiftung.jpg\",\"contentUrl\":\"https:\\\/\\\/die-mundgesundheitsstiftung.de\\\/wp-content\\\/uploads\\\/2023\\\/08\\\/depression-die-mundgesundheitsstiftung.jpg\",\"width\":886,\"height\":591},{\"@type\":\"BreadcrumbList\",\"@id\":\"https:\\\/\\\/die-mundgesundheitsstiftung.de\\\/depression-und-parodontitis\\\/#breadcrumb\",\"itemListElement\":[{\"@type\":\"ListItem\",\"position\":1,\"name\":\"Startseite\",\"item\":\"https:\\\/\\\/die-mundgesundheitsstiftung.de\\\/\"},{\"@type\":\"ListItem\",\"position\":2,\"name\":\"Depression und Parodontitis\"}]},{\"@type\":\"WebSite\",\"@id\":\"https:\\\/\\\/die-mundgesundheitsstiftung.de\\\/#website\",\"url\":\"https:\\\/\\\/die-mundgesundheitsstiftung.de\\\/\",\"name\":\"DMS Deutsche Mundgesundheitsstiftung\",\"description\":\"DMS Deutsche Mundgesundheitsstiftung\",\"potentialAction\":[{\"@type\":\"SearchAction\",\"target\":{\"@type\":\"EntryPoint\",\"urlTemplate\":\"https:\\\/\\\/die-mundgesundheitsstiftung.de\\\/?s={search_term_string}\"},\"query-input\":{\"@type\":\"PropertyValueSpecification\",\"valueRequired\":true,\"valueName\":\"search_term_string\"}}],\"inLanguage\":\"en-US\"},{\"@type\":\"Person\",\"@id\":\"https:\\\/\\\/die-mundgesundheitsstiftung.de\\\/#\\\/schema\\\/person\\\/533a101410f251a109921a1e084b568d\",\"name\":\"Jana\",\"image\":{\"@type\":\"ImageObject\",\"inLanguage\":\"en-US\",\"@id\":\"https:\\\/\\\/secure.gravatar.com\\\/avatar\\\/0c7d29688679a178fda1a37eb1a162f90301f47bdf086fdf3035aaf74488da45?s=96&d=mm&r=g\",\"url\":\"https:\\\/\\\/secure.gravatar.com\\\/avatar\\\/0c7d29688679a178fda1a37eb1a162f90301f47bdf086fdf3035aaf74488da45?s=96&d=mm&r=g\",\"contentUrl\":\"https:\\\/\\\/secure.gravatar.com\\\/avatar\\\/0c7d29688679a178fda1a37eb1a162f90301f47bdf086fdf3035aaf74488da45?s=96&d=mm&r=g\",\"caption\":\"Jana\"},\"url\":\"https:\\\/\\\/die-mundgesundheitsstiftung.de\\\/en\\\/author\\\/jana\\\/\"}]}<\/script>\n<!-- \/ Yoast SEO plugin. -->","yoast_head_json":{"title":"Depression und Parodontitis - DMS Deutsche Mundgesundheitsstiftung","robots":{"index":"index","follow":"follow","max-snippet":"max-snippet:-1","max-image-preview":"max-image-preview:large","max-video-preview":"max-video-preview:-1"},"canonical":"https:\/\/die-mundgesundheitsstiftung.de\/en\/depression-und-parodontitis\/","og_locale":"en_US","og_type":"article","og_title":"Depression und Parodontitis - DMS Deutsche Mundgesundheitsstiftung","og_description":"Korrelation zwischen Depression und Parodontitis Volksleiden Depression: Laut WHO litten 2015 rund\u00a0322 Millionen Menschen\u00a0an Depressionen. Das macht\u00a04,4 Prozent der Weltbev\u00f6lkerung. Zehn Jahre zuvor waren es noch 18 Prozent weniger. Dabei schr\u00e4nkt die Erkrankung nicht nur das seelische Wohlbefinden des Betroffenen ein, auch dem Arbeitgeber entsteht ein betr\u00e4chtlicher Schaden. Nach Angaben der Bundespsychotherapeutenkammer hat der Anteil [&hellip;]","og_url":"https:\/\/die-mundgesundheitsstiftung.de\/en\/depression-und-parodontitis\/","og_site_name":"DMS Deutsche Mundgesundheitsstiftung","article_published_time":"2023-08-21T08:13:20+00:00","article_modified_time":"2023-08-21T09:04:48+00:00","og_image":[{"width":886,"height":591,"url":"https:\/\/die-mundgesundheitsstiftung.de\/media\/2023\/08\/depression-die-mundgesundheitsstiftung.jpg","type":"image\/jpeg"}],"author":"Jana","twitter_card":"summary_large_image","twitter_misc":{"Written by":"Jana","Est. reading time":"5 minutes"},"schema":{"@context":"https:\/\/schema.org","@graph":[{"@type":"Article","@id":"https:\/\/die-mundgesundheitsstiftung.de\/depression-und-parodontitis\/#article","isPartOf":{"@id":"https:\/\/die-mundgesundheitsstiftung.de\/depression-und-parodontitis\/"},"author":{"name":"Jana","@id":"https:\/\/die-mundgesundheitsstiftung.de\/#\/schema\/person\/533a101410f251a109921a1e084b568d"},"headline":"Depression und Parodontitis","datePublished":"2023-08-21T08:13:20+00:00","dateModified":"2023-08-21T09:04:48+00:00","mainEntityOfPage":{"@id":"https:\/\/die-mundgesundheitsstiftung.de\/depression-und-parodontitis\/"},"wordCount":449,"commentCount":0,"image":{"@id":"https:\/\/die-mundgesundheitsstiftung.de\/depression-und-parodontitis\/#primaryimage"},"thumbnailUrl":"https:\/\/die-mundgesundheitsstiftung.de\/media\/2023\/08\/depression-die-mundgesundheitsstiftung.jpg","articleSection":{"0":"I LOVE MY IMPLANT","2":"Wissen"},"inLanguage":"en-US","potentialAction":[{"@type":"CommentAction","name":"Comment","target":["https:\/\/die-mundgesundheitsstiftung.de\/depression-und-parodontitis\/#respond"]}]},{"@type":"WebPage","@id":"https:\/\/die-mundgesundheitsstiftung.de\/depression-und-parodontitis\/","url":"https:\/\/die-mundgesundheitsstiftung.de\/depression-und-parodontitis\/","name":"Depression und Parodontitis - DMS Deutsche Mundgesundheitsstiftung","isPartOf":{"@id":"https:\/\/die-mundgesundheitsstiftung.de\/#website"},"primaryImageOfPage":{"@id":"https:\/\/die-mundgesundheitsstiftung.de\/depression-und-parodontitis\/#primaryimage"},"image":{"@id":"https:\/\/die-mundgesundheitsstiftung.de\/depression-und-parodontitis\/#primaryimage"},"thumbnailUrl":"https:\/\/die-mundgesundheitsstiftung.de\/media\/2023\/08\/depression-die-mundgesundheitsstiftung.jpg","datePublished":"2023-08-21T08:13:20+00:00","dateModified":"2023-08-21T09:04:48+00:00","author":{"@id":"https:\/\/die-mundgesundheitsstiftung.de\/#\/schema\/person\/533a101410f251a109921a1e084b568d"},"breadcrumb":{"@id":"https:\/\/die-mundgesundheitsstiftung.de\/depression-und-parodontitis\/#breadcrumb"},"inLanguage":"en-US","potentialAction":[{"@type":"ReadAction","target":["https:\/\/die-mundgesundheitsstiftung.de\/depression-und-parodontitis\/"]}]},{"@type":"ImageObject","inLanguage":"en-US","@id":"https:\/\/die-mundgesundheitsstiftung.de\/depression-und-parodontitis\/#primaryimage","url":"https:\/\/die-mundgesundheitsstiftung.de\/media\/2023\/08\/depression-die-mundgesundheitsstiftung.jpg","contentUrl":"https:\/\/die-mundgesundheitsstiftung.de\/media\/2023\/08\/depression-die-mundgesundheitsstiftung.jpg","width":886,"height":591},{"@type":"BreadcrumbList","@id":"https:\/\/die-mundgesundheitsstiftung.de\/depression-und-parodontitis\/#breadcrumb","itemListElement":[{"@type":"ListItem","position":1,"name":"Startseite","item":"https:\/\/die-mundgesundheitsstiftung.de\/"},{"@type":"ListItem","position":2,"name":"Depression und Parodontitis"}]},{"@type":"WebSite","@id":"https:\/\/die-mundgesundheitsstiftung.de\/#website","url":"https:\/\/die-mundgesundheitsstiftung.de\/","name":"DMS Deutsche Mundgesundheitsstiftung","description":"DMS Deutsche Mundgesundheitsstiftung","potentialAction":[{"@type":"SearchAction","target":{"@type":"EntryPoint","urlTemplate":"https:\/\/die-mundgesundheitsstiftung.de\/?s={search_term_string}"},"query-input":{"@type":"PropertyValueSpecification","valueRequired":true,"valueName":"search_term_string"}}],"inLanguage":"en-US"},{"@type":"Person","@id":"https:\/\/die-mundgesundheitsstiftung.de\/#\/schema\/person\/533a101410f251a109921a1e084b568d","name":"Jana","image":{"@type":"ImageObject","inLanguage":"en-US","@id":"https:\/\/secure.gravatar.com\/avatar\/0c7d29688679a178fda1a37eb1a162f90301f47bdf086fdf3035aaf74488da45?s=96&d=mm&r=g","url":"https:\/\/secure.gravatar.com\/avatar\/0c7d29688679a178fda1a37eb1a162f90301f47bdf086fdf3035aaf74488da45?s=96&d=mm&r=g","contentUrl":"https:\/\/secure.gravatar.com\/avatar\/0c7d29688679a178fda1a37eb1a162f90301f47bdf086fdf3035aaf74488da45?s=96&d=mm&r=g","caption":"Jana"},"url":"https:\/\/die-mundgesundheitsstiftung.de\/en\/author\/jana\/"}]}},"_links":{"self":[{"href":"https:\/\/die-mundgesundheitsstiftung.de\/en\/wp-json\/wp\/v2\/posts\/54454","targetHints":{"allow":["GET"]}}],"collection":[{"href":"https:\/\/die-mundgesundheitsstiftung.de\/en\/wp-json\/wp\/v2\/posts"}],"about":[{"href":"https:\/\/die-mundgesundheitsstiftung.de\/en\/wp-json\/wp\/v2\/types\/post"}],"author":[{"embeddable":true,"href":"https:\/\/die-mundgesundheitsstiftung.de\/en\/wp-json\/wp\/v2\/users\/8"}],"replies":[{"embeddable":true,"href":"https:\/\/die-mundgesundheitsstiftung.de\/en\/wp-json\/wp\/v2\/comments?post=54454"}],"version-history":[{"count":0,"href":"https:\/\/die-mundgesundheitsstiftung.de\/en\/wp-json\/wp\/v2\/posts\/54454\/revisions"}],"wp:featuredmedia":[{"embeddable":true,"href":"https:\/\/die-mundgesundheitsstiftung.de\/en\/wp-json\/wp\/v2\/media\/54455"}],"wp:attachment":[{"href":"https:\/\/die-mundgesundheitsstiftung.de\/en\/wp-json\/wp\/v2\/media?parent=54454"}],"wp:term":[{"taxonomy":"category","embeddable":true,"href":"https:\/\/die-mundgesundheitsstiftung.de\/en\/wp-json\/wp\/v2\/categories?post=54454"},{"taxonomy":"post_tag","embeddable":true,"href":"https:\/\/die-mundgesundheitsstiftung.de\/en\/wp-json\/wp\/v2\/tags?post=54454"},{"taxonomy":"dipi_cpt_category","embeddable":true,"href":"https:\/\/die-mundgesundheitsstiftung.de\/en\/wp-json\/wp\/v2\/dipi_cpt_category?post=54454"}],"curies":[{"name":"wp","href":"https:\/\/api.w.org\/{rel}","templated":true}]}}